{"id":1585,"date":"2017-04-03T13:42:19","date_gmt":"2017-04-03T13:42:19","guid":{"rendered":"https:\/\/www.salentodolcevita.com\/blog\/?p=1585"},"modified":"2019-01-15T15:11:45","modified_gmt":"2019-01-15T14:11:45","slug":"stile-nordico-e-hygge-in-riva-al-mare","status":"publish","type":"post","link":"https:\/\/www.salentodolcevita.com\/blog\/fr\/stile-nordico-e-hygge-in-riva-al-mare\/","title":{"rendered":"Style Scandinave et \u00ab\u00a0Hygge\u00a0\u00bb &#8230; sur la mer"},"content":{"rendered":"<p><\/p>\n<h1>3 villas dans Salento avec le charme des contradictions<\/h1>\n<h4>Les deux derni\u00e8res ann\u00e9es ont vue l\u2019exploit des int\u00e9rieur en style Scandinave\u00a0\u00e0 toutes les latitudes et maintenant, dans toutes les discussions concernant le mobilier et le bien-\u00eatre, le mot \u00abHygge\u00bb est enfin toujours pr\u00e9sent. C&rsquo;est un trait d\u2019union entre le plaisir d&rsquo;\u00eatre \u00e0 la maison et le bien-\u00eatre li\u00e9 \u00e0 cela, et de soigner les petits d\u00e9tails quotidiens de l&rsquo;int\u00e9rieur.<\/h4>\n<h3>Tout d&rsquo;abord: quels sont les \u00e9l\u00e9ments principaux et les plus fascinants du style nordique?<\/h3>\n<p>Pour commencer, la pr\u00e9sence du blanch et des couleurs neutres, alternant \u00e9galement une utilisation judicieuse des d\u00e9tails gris et anthracite qui ne nuisent pas \u00e0 la douceur.<\/p>\n<p>Ensuite, le nettoyage des espaces rang\u00e9s et un sens omnipr\u00e9sent d&rsquo;ordre\u00a0m\u00e9thodique qui sert non seulement \u00e0 l&rsquo;ordre mental, mais aussi pour mieux capturer et diffuser la lumi\u00e8re.<\/p>\n<p>Ensuite, l&rsquo;utilisation du bois, du fer forg\u00e9 et des aspects minimals dans l&rsquo;agencement des meubles et surtout des ornements.<\/p>\n<p><em>Hygge<\/em> est un mot danois qui signifie cr\u00e9er un sentiment de bienvenue avec des parfums et des lumi\u00e8res agr\u00e9ables (beaucoup de lumi\u00e8re naturelle pendant la journ\u00e9e et un \u00e9clairage subtil pendant la nuit), les bougies d&rsquo;ar\u00f4me faibles, une disposition des meubles agr\u00e9able mais particuli\u00e8rement confortable pour augmenter le d\u00e9sir et le plaisir de \u00catre \u00e0 la maison.<\/p>\n<figure id=\"attachment_1601\" aria-describedby=\"caption-attachment-1601\" style=\"width: 513px\" class=\"wp-caption aligncenter\"><a href=\"https:\/\/www.salentodolcevita.com\/blog\/wp-content\/uploads\/2017\/04\/IMG_0319F7786CB7-1.jpeg\" data-rel=\"lightbox-image-18\" data-rl_title=\"\" data-rl_caption=\"\" title=\"\"><img loading=\"lazy\" decoding=\"async\" class=\" wp-image-1601\" src=\"https:\/\/www.salentodolcevita.com\/blog\/wp-content\/uploads\/2017\/04\/IMG_0319F7786CB7-1.jpeg\" alt=\"style scandinave et hygge dans une maison sur la mer du Salento \" width=\"513\" height=\"769\" srcset=\"https:\/\/www.salentodolcevita.com\/blog\/wp-content\/uploads\/2017\/04\/IMG_0319F7786CB7-1.jpeg 801w, https:\/\/www.salentodolcevita.com\/blog\/wp-content\/uploads\/2017\/04\/IMG_0319F7786CB7-1-200x300.jpeg 200w, https:\/\/www.salentodolcevita.com\/blog\/wp-content\/uploads\/2017\/04\/IMG_0319F7786CB7-1-768x1151.jpeg 768w, https:\/\/www.salentodolcevita.com\/blog\/wp-content\/uploads\/2017\/04\/IMG_0319F7786CB7-1-684x1024.jpeg 684w\" sizes=\"auto, (max-width: 513px) 100vw, 513px\" \/><\/a><figcaption id=\"caption-attachment-1601\" class=\"wp-caption-text\">partage sur Pinterest<\/figcaption><\/figure>\n<p>Ce qui pr\u00e9c\u00e8de s&rsquo;int\u00e8gre parfaitement au mode de vie du nord de l&rsquo;Europe o\u00f9 les hivers sont longs et s\u00e9v\u00e8res, et rester \u00e0 la maison devrait \u00eatre un plaisir car les alternatives sont tr\u00e8s peu nombreuses.<\/p>\n<p>Mais que se passe-t-il lorsque le nordique et le concept m\u00eame de \u00abHygge\u00bb touchent le mode de vie m\u00e9diterran\u00e9en et &#8230; une maison sur la mer?<\/p>\n<p>C&rsquo;est ainsi que, juste au Salento, la magie se passe avec ces villas surplombant la mer &#8230; encore un peu nordique et tr\u00e8s \u00ab\u00a0hygge\u00a0\u00bb.<\/p>\n<h3><strong>Quand le le salon hygge&#8230; est une terrasse avec vue sur la mer<\/strong><\/h3>\n<div id='gallery-6' class='gallery galleryid-1585 gallery-columns-1 gallery-size-large'><figure class='gallery-item'>\n\t\t\t<div class='gallery-icon landscape'>\n\t\t\t\t<a href='https:\/\/www.salentodolcevita.com\/blog\/wp-content\/uploads\/2017\/04\/casa-il-loggiato-vista-mare-.jpg' title=\"\" data-rl_title=\"\" class=\"rl-gallery-link\" data-rl_caption=\"\" data-rel=\"lightbox-gallery-6\"><img loading=\"lazy\" decoding=\"async\" width=\"660\" height=\"495\" src=\"https:\/\/www.salentodolcevita.com\/blog\/wp-content\/uploads\/2017\/04\/casa-il-loggiato-vista-mare-.jpg\" class=\"attachment-large size-large\" alt=\"Casa il loggiato\" aria-describedby=\"gallery-6-1587\" srcset=\"https:\/\/www.salentodolcevita.com\/blog\/wp-content\/uploads\/2017\/04\/casa-il-loggiato-vista-mare-.jpg 733w, https:\/\/www.salentodolcevita.com\/blog\/wp-content\/uploads\/2017\/04\/casa-il-loggiato-vista-mare--300x225.jpg 300w\" sizes=\"auto, (max-width: 660px) 100vw, 660px\" \/><\/a>\n\t\t\t<\/div>\n\t\t\t\t<figcaption class='wp-caption-text gallery-caption' id='gallery-6-1587'>\n\t\t\t\tCasa il loggiato &#8211; Santa Cesarea Terme  &#8211; booking@salentodolcevita.com \n\t\t\t\t<\/figcaption><\/figure><figure class='gallery-item'>\n\t\t\t<div class='gallery-icon portrait'>\n\t\t\t\t<a href='https:\/\/www.salentodolcevita.com\/blog\/wp-content\/uploads\/2017\/04\/casa-il-loggiato-per-instagram-.jpg' title=\"\" data-rl_title=\"\" class=\"rl-gallery-link\" data-rl_caption=\"\" data-rel=\"lightbox-gallery-6\"><img loading=\"lazy\" decoding=\"async\" width=\"446\" height=\"550\" src=\"https:\/\/www.salentodolcevita.com\/blog\/wp-content\/uploads\/2017\/04\/casa-il-loggiato-per-instagram-.jpg\" class=\"attachment-large size-large\" alt=\"\" srcset=\"https:\/\/www.salentodolcevita.com\/blog\/wp-content\/uploads\/2017\/04\/casa-il-loggiato-per-instagram-.jpg 446w, https:\/\/www.salentodolcevita.com\/blog\/wp-content\/uploads\/2017\/04\/casa-il-loggiato-per-instagram--243x300.jpg 243w\" sizes=\"auto, (max-width: 446px) 100vw, 446px\" \/><\/a>\n\t\t\t<\/div><\/figure>\n\t\t<\/div>\n\n<p>Les d\u00e9tails pour votre bien-\u00eatre peuvent \u00eatre d\u00e9plac\u00e9s de mani\u00e8re intelligente de l&rsquo;int\u00e9rieur vers l&rsquo;ext\u00e9rieur, cr\u00e9ant des atmosph\u00e8res qui n&rsquo;ont plus besoin d&rsquo;autre chose pour vous rendre \u00e0 l&rsquo;aise et heureux d&rsquo;\u00eatre \u00e0 la maison, seul ou en compagnie.<\/p>\n<p>Casa Il Loggiato, surplombant la belle c\u00f4te de Santa Cesarea Terme, r\u00e9sout le conflit \u00abrester \u00e0 la maison ou sortir\u00bb avec une terrasse en plein air plus accueillante qu&rsquo;un salon avec chemin\u00e9e \u00e0 No\u00ebl. Dans la transition de l&rsquo;ext\u00e9rieur vers l&rsquo;int\u00e9rieur, vous ne pouvez m\u00eame pas percevoir la variation de la lumi\u00e8re, car elle est pr\u00e9sente dans tous les coins du salon.<\/p>\n<p>L&rsquo;\u00e9nergie de la lumi\u00e8re reste dans les espaces le soir aussi, quand elle rencontre la beaut\u00e9 de l&rsquo;atmosph\u00e8re de ce magnifique littoral, avec ses lumi\u00e8res et ses belles vues.<\/p>\n<p>La terrasse est assez grande pour accueillir des lanternes, des bougies, des tapis et des odeurs de vin et de la cuisine italienne.<\/p>\n<p><a href=\"https:\/\/www.salentodolcevita.com\/en\/vacanze\/apartment-with-sea-view\/santa-cesarea-terme\/75-casa-il-loggiato.htm\" target=\"_blank\" rel=\"noopener\">Voyez d&rsquo;autres photos de Casa Il Loggiato\u00a0<\/a><\/p>\n<h3><strong>Lumi\u00e8re qui vient directement de la mer et du ciel bleu du Salento<\/strong><\/h3>\n<div id='gallery-7' class='gallery galleryid-1585 gallery-columns-1 gallery-size-large'><figure class='gallery-item'>\n\t\t\t<div class='gallery-icon landscape'>\n\t\t\t\t<a href='https:\/\/www.salentodolcevita.com\/blog\/wp-content\/uploads\/2017\/04\/casa-calischia-4.jpg' title=\"\" data-rl_title=\"\" class=\"rl-gallery-link\" data-rl_caption=\"\" data-rel=\"lightbox-gallery-7\"><img loading=\"lazy\" decoding=\"async\" width=\"660\" height=\"362\" src=\"https:\/\/www.salentodolcevita.com\/blog\/wp-content\/uploads\/2017\/04\/casa-calischia-4-1024x561.jpg\" class=\"attachment-large size-large\" alt=\"\" srcset=\"https:\/\/www.salentodolcevita.com\/blog\/wp-content\/uploads\/2017\/04\/casa-calischia-4-1024x561.jpg 1024w, https:\/\/www.salentodolcevita.com\/blog\/wp-content\/uploads\/2017\/04\/casa-calischia-4-300x164.jpg 300w, https:\/\/www.salentodolcevita.com\/blog\/wp-content\/uploads\/2017\/04\/casa-calischia-4-768x420.jpg 768w, https:\/\/www.salentodolcevita.com\/blog\/wp-content\/uploads\/2017\/04\/casa-calischia-4.jpg 1180w\" sizes=\"auto, (max-width: 660px) 100vw, 660px\" \/><\/a>\n\t\t\t<\/div><\/figure><figure class='gallery-item'>\n\t\t\t<div class='gallery-icon landscape'>\n\t\t\t\t<a href='https:\/\/www.salentodolcevita.com\/blog\/wp-content\/uploads\/2017\/04\/casa-calischia-11.jpg' title=\"\" data-rl_title=\"\" class=\"rl-gallery-link\" data-rl_caption=\"\" data-rel=\"lightbox-gallery-7\"><img loading=\"lazy\" decoding=\"async\" width=\"660\" height=\"416\" src=\"https:\/\/www.salentodolcevita.com\/blog\/wp-content\/uploads\/2017\/04\/casa-calischia-11-1024x645.jpg\" class=\"attachment-large size-large\" alt=\"\" srcset=\"https:\/\/www.salentodolcevita.com\/blog\/wp-content\/uploads\/2017\/04\/casa-calischia-11-1024x645.jpg 1024w, https:\/\/www.salentodolcevita.com\/blog\/wp-content\/uploads\/2017\/04\/casa-calischia-11-300x189.jpg 300w, https:\/\/www.salentodolcevita.com\/blog\/wp-content\/uploads\/2017\/04\/casa-calischia-11-768x484.jpg 768w, https:\/\/www.salentodolcevita.com\/blog\/wp-content\/uploads\/2017\/04\/casa-calischia-11.jpg 1080w\" sizes=\"auto, (max-width: 660px) 100vw, 660px\" \/><\/a>\n\t\t\t<\/div><\/figure><figure class='gallery-item'>\n\t\t\t<div class='gallery-icon landscape'>\n\t\t\t\t<a href='https:\/\/www.salentodolcevita.com\/blog\/wp-content\/uploads\/2017\/04\/casa-calischia-.jpg' title=\"\" data-rl_title=\"\" class=\"rl-gallery-link\" data-rl_caption=\"\" data-rel=\"lightbox-gallery-7\"><img loading=\"lazy\" decoding=\"async\" width=\"660\" height=\"408\" src=\"https:\/\/www.salentodolcevita.com\/blog\/wp-content\/uploads\/2017\/04\/casa-calischia--1024x633.jpg\" class=\"attachment-large size-large\" alt=\"\" srcset=\"https:\/\/www.salentodolcevita.com\/blog\/wp-content\/uploads\/2017\/04\/casa-calischia--1024x633.jpg 1024w, https:\/\/www.salentodolcevita.com\/blog\/wp-content\/uploads\/2017\/04\/casa-calischia--300x185.jpg 300w, https:\/\/www.salentodolcevita.com\/blog\/wp-content\/uploads\/2017\/04\/casa-calischia--768x475.jpg 768w, https:\/\/www.salentodolcevita.com\/blog\/wp-content\/uploads\/2017\/04\/casa-calischia-.jpg 1100w\" sizes=\"auto, (max-width: 660px) 100vw, 660px\" \/><\/a>\n\t\t\t<\/div><\/figure>\n\t\t<\/div>\n\n<p>Si le Scandinave\u00a0se lie \u00e0 une conception particuli\u00e8re d&rsquo;am\u00e9nagement d&rsquo;int\u00e9rieur pour capturer et diffuser de la lumi\u00e8re au mieux gr\u00e2ce \u00e0 l&rsquo;ordre et \u00e0 la dispositions des meubles, dans les zones de mer, la lumi\u00e8re bien captur\u00e9e apporte non seulement une sensation de chaleur, mais rend \u00e9galement plus grand les espaces plus petits.<\/p>\n<p>Casa Calischia, surplombant la mer de Gallipoli, \u00e9tal\u00e9 sa lumi\u00e8re de la mer et du ciel et fait que les d\u00e9tails d&rsquo;int\u00e9rieur chic et d\u00e9licat sont particuli\u00e8rement bien class\u00e9s et accueillants dans le complexe tendant au blanc total.<\/p>\n<p><a href=\"https:\/\/www.salentodolcevita.com\/fr\/vacanze\/appartement\/gallipoli\/378-casa-calischia.htm\" target=\"_blank\" rel=\"noopener\">Voyez d&rsquo;autres photos de\u00a0Casa Calischia\u00a0<\/a><\/p>\n<h3><strong>Total white \u00ab\u00a0contamin\u00e9\u00a0\u00bb<\/strong><\/h3>\n<div id='gallery-8' class='gallery galleryid-1585 gallery-columns-1 gallery-size-large'><figure class='gallery-item'>\n\t\t\t<div class='gallery-icon landscape'>\n\t\t\t\t<a href='https:\/\/www.salentodolcevita.com\/blog\/wp-content\/uploads\/2017\/04\/villa-mias1.jpg' title=\"\" data-rl_title=\"\" class=\"rl-gallery-link\" data-rl_caption=\"\" data-rel=\"lightbox-gallery-8\"><img loading=\"lazy\" decoding=\"async\" width=\"660\" height=\"306\" src=\"https:\/\/www.salentodolcevita.com\/blog\/wp-content\/uploads\/2017\/04\/villa-mias1-1024x475.jpg\" class=\"attachment-large size-large\" alt=\"\" srcset=\"https:\/\/www.salentodolcevita.com\/blog\/wp-content\/uploads\/2017\/04\/villa-mias1-1024x475.jpg 1024w, https:\/\/www.salentodolcevita.com\/blog\/wp-content\/uploads\/2017\/04\/villa-mias1-800x370.jpg 800w, https:\/\/www.salentodolcevita.com\/blog\/wp-content\/uploads\/2017\/04\/villa-mias1-300x139.jpg 300w, https:\/\/www.salentodolcevita.com\/blog\/wp-content\/uploads\/2017\/04\/villa-mias1-768x356.jpg 768w, https:\/\/www.salentodolcevita.com\/blog\/wp-content\/uploads\/2017\/04\/villa-mias1.jpg 1180w\" sizes=\"auto, (max-width: 660px) 100vw, 660px\" \/><\/a>\n\t\t\t<\/div><\/figure><figure class='gallery-item'>\n\t\t\t<div class='gallery-icon landscape'>\n\t\t\t\t<a href='https:\/\/www.salentodolcevita.com\/blog\/wp-content\/uploads\/2017\/04\/mias-.jpg' title=\"\" data-rl_title=\"\" class=\"rl-gallery-link\" data-rl_caption=\"\" data-rel=\"lightbox-gallery-8\"><img loading=\"lazy\" decoding=\"async\" width=\"660\" height=\"442\" src=\"https:\/\/www.salentodolcevita.com\/blog\/wp-content\/uploads\/2017\/04\/mias-.jpg\" class=\"attachment-large size-large\" alt=\"villa mias - salento - affitto - santa maria di leuca\" aria-describedby=\"gallery-8-1595\" srcset=\"https:\/\/www.salentodolcevita.com\/blog\/wp-content\/uploads\/2017\/04\/mias-.jpg 970w, https:\/\/www.salentodolcevita.com\/blog\/wp-content\/uploads\/2017\/04\/mias--300x201.jpg 300w, https:\/\/www.salentodolcevita.com\/blog\/wp-content\/uploads\/2017\/04\/mias--768x515.jpg 768w\" sizes=\"auto, (max-width: 660px) 100vw, 660px\" \/><\/a>\n\t\t\t<\/div>\n\t\t\t\t<figcaption class='wp-caption-text gallery-caption' id='gallery-8-1595'>\n\t\t\t\tVilla Mias &#8211; Santa Maria di Leuca &#8211; booking@salentodolcevita.com \n\t\t\t\t<\/figcaption><\/figure><figure class='gallery-item'>\n\t\t\t<div class='gallery-icon landscape'>\n\t\t\t\t<a href='https:\/\/www.salentodolcevita.com\/blog\/wp-content\/uploads\/2017\/04\/mias-2.jpg' title=\"\" data-rl_title=\"\" class=\"rl-gallery-link\" data-rl_caption=\"\" data-rel=\"lightbox-gallery-8\"><img loading=\"lazy\" decoding=\"async\" width=\"660\" height=\"345\" src=\"https:\/\/www.salentodolcevita.com\/blog\/wp-content\/uploads\/2017\/04\/mias-2-1024x536.jpg\" class=\"attachment-large size-large\" alt=\"Villa Mias - Santa Maria di Leuca - booking@salentodolcevita.com\" aria-describedby=\"gallery-8-1596\" srcset=\"https:\/\/www.salentodolcevita.com\/blog\/wp-content\/uploads\/2017\/04\/mias-2-1024x536.jpg 1024w, https:\/\/www.salentodolcevita.com\/blog\/wp-content\/uploads\/2017\/04\/mias-2-300x157.jpg 300w, https:\/\/www.salentodolcevita.com\/blog\/wp-content\/uploads\/2017\/04\/mias-2-768x402.jpg 768w, https:\/\/www.salentodolcevita.com\/blog\/wp-content\/uploads\/2017\/04\/mias-2.jpg 1180w\" sizes=\"auto, (max-width: 660px) 100vw, 660px\" \/><\/a>\n\t\t\t<\/div>\n\t\t\t\t<figcaption class='wp-caption-text gallery-caption' id='gallery-8-1596'>\n\t\t\t\tVilla Mias &#8211; Santa Maria di Leuca &#8211; booking@salentodolcevita.com \n\t\t\t\t<\/figcaption><\/figure>\n\t\t<\/div>\n\n<p>La contamination au Salento peut toucher le pic de sa beaut\u00e9 gr\u00e2ce aux contradictions et aux juxtapositions.<\/p>\n<p>Un exemple est Villa Mias, sur la c\u00f4te ionienne de Santa Maria di Leuca: elle embrasse le concept de blanc total mais d\u00e9nonce plut\u00f4t que de trahir son essence m\u00e9diterran\u00e9enne avec la pierre avant que dans son ext\u00e9rieur caract\u00e9ris\u00e9 par des oliviers et des odeurs m\u00e9diterran\u00e9ennes.<\/p>\n<p>Sa partie nordique passe par son blanc total, sa classe minimale qui utilise la lumi\u00e8re comme \u00e9l\u00e9ment de conception et la rend \u00e9th\u00e9r\u00e9e et chaude \u00e0 la fois.<\/p>\n<p>Recherchez, en d\u00e9tail, les inserts de culture m\u00e9diterran\u00e9enne paysanne, toujours d\u00e9guis\u00e9s en blancs.<\/p>","protected":false},"excerpt":{"rendered":"<p>3 villas dans Salento avec le charme des contradictions Les deux derni\u00e8res ann\u00e9es ont vue l\u2019exploit des int\u00e9rieur en style Scandinave\u00a0\u00e0 toutes les latitudes et maintenant, dans toutes les discussions concernant le mobilier et le bien-\u00eatre, le mot \u00abHygge\u00bb est enfin toujours pr\u00e9sent. C&rsquo;est un trait d\u2019union entre le plaisir d&rsquo;\u00eatre \u00e0 la maison et le bien-\u00eatre li\u00e9 \u00e0 cela, et de soigner les petits d\u00e9tails quotidiens de l&rsquo;int\u00e9rieur. Tout&hellip;<\/p>\n","protected":false},"author":1,"featured_media":1591,"comment_status":"closed","ping_status":"closed","sticky":false,"template":"","format":"standard","meta":{"footnotes":""},"categories":[5],"tags":[48,113,188,280,290,291,408,409,511,532,596,653],"class_list":["post-1585","post","type-post","status-publish","format-standard","has-post-thumbnail","hentry","category-news","tag-arredamento","tag-casa-al-mare","tag-design","tag-hygge","tag-interieur","tag-interior","tag-nordic","tag-nordico","tag-salento","tag-scandinave","tag-total-white","tag-villa"],"yoast_head":"<title>Style Scandinave et &quot;Hygge&quot; ... sur la mer - Le Blog de SalentoDolceVita<\/title>\n<meta name=\"robots\" content=\"index, follow, max-snippet:-1, max-image-preview:large, max-video-preview:-1\" \/>\n<link rel=\"canonical\" href=\"https:\/\/www.salentodolcevita.com\/blog\/en\/nordic-style-and-hygge-by-the-sea\/\" \/>\n<meta property=\"og:locale\" content=\"fr_FR\" \/>\n<meta property=\"og:type\" content=\"article\" \/>\n<meta property=\"og:title\" content=\"[:it]Stile nordico e \u201cHygge\u201d\u2026 in riva al mare[:en]Nordic style and &quot;Hygge&quot; ... by the sea[:fr]Style Scandinave et &quot;Hygge&quot; ... sur la mer[:] - Le Blog de SalentoDolceVita\" \/>\n<meta property=\"og:description\" content=\"3 villas dans Salento avec le charme des contradictions Les deux derni\u00e8res ann\u00e9es ont vue l\u2019exploit des int\u00e9rieur en style Scandinave\u00a0\u00e0 toutes les latitudes et maintenant, dans toutes les discussions concernant le mobilier et le bien-\u00eatre, le mot \u00abHygge\u00bb est enfin toujours pr\u00e9sent. C&rsquo;est un trait d\u2019union entre le plaisir d&rsquo;\u00eatre \u00e0 la maison et le bien-\u00eatre li\u00e9 \u00e0 cela, et de soigner les petits d\u00e9tails quotidiens de l&rsquo;int\u00e9rieur. Tout&hellip;\" \/>\n<meta property=\"og:url\" content=\"https:\/\/www.salentodolcevita.com\/blog\/en\/nordic-style-and-hygge-by-the-sea\/\" \/>\n<meta property=\"og:site_name\" content=\"Le Blog de SalentoDolceVita\" \/>\n<meta property=\"article:published_time\" content=\"2017-04-03T13:42:19+00:00\" \/>\n<meta property=\"article:modified_time\" content=\"2019-01-15T14:11:45+00:00\" \/>\n<meta property=\"og:image\" content=\"https:\/\/www.salentodolcevita.com\/blog\/wp-content\/uploads\/2017\/04\/villa-mias.jpg\" \/>\n\t<meta property=\"og:image:width\" content=\"1180\" \/>\n\t<meta property=\"og:image:height\" content=\"547\" \/>\n\t<meta property=\"og:image:type\" content=\"image\/jpeg\" \/>\n<meta name=\"author\" content=\"SalentoDolceVita\" \/>\n<meta name=\"twitter:card\" content=\"summary_large_image\" \/>\n<meta name=\"twitter:label1\" content=\"\u00c9crit par\" \/>\n\t<meta name=\"twitter:data1\" content=\"SalentoDolceVita\" \/>\n\t<meta name=\"twitter:label2\" content=\"Dur\u00e9e de lecture estim\u00e9e\" \/>\n\t<meta name=\"twitter:data2\" content=\"11 minutes\" \/>\n<script type=\"application\/ld+json\" class=\"yoast-schema-graph\">{\"@context\":\"https:\\\/\\\/schema.org\",\"@graph\":[{\"@type\":\"Article\",\"@id\":\"https:\\\/\\\/www.salentodolcevita.com\\\/blog\\\/en\\\/nordic-style-and-hygge-by-the-sea\\\/#article\",\"isPartOf\":{\"@id\":\"https:\\\/\\\/www.salentodolcevita.com\\\/blog\\\/en\\\/nordic-style-and-hygge-by-the-sea\\\/\"},\"author\":{\"name\":\"SalentoDolceVita\",\"@id\":\"https:\\\/\\\/www.salentodolcevita.com\\\/blog\\\/it\\\/#\\\/schema\\\/person\\\/afc29793311aac780f6f1b9f433ab86d\"},\"headline\":\"Style Scandinave et \u00ab\u00a0Hygge\u00a0\u00bb &#8230; sur la mer\",\"datePublished\":\"2017-04-03T13:42:19+00:00\",\"dateModified\":\"2019-01-15T14:11:45+00:00\",\"mainEntityOfPage\":{\"@id\":\"https:\\\/\\\/www.salentodolcevita.com\\\/blog\\\/en\\\/nordic-style-and-hygge-by-the-sea\\\/\"},\"wordCount\":2261,\"publisher\":{\"@id\":\"https:\\\/\\\/www.salentodolcevita.com\\\/blog\\\/it\\\/#organization\"},\"image\":{\"@id\":\"https:\\\/\\\/www.salentodolcevita.com\\\/blog\\\/en\\\/nordic-style-and-hygge-by-the-sea\\\/#primaryimage\"},\"thumbnailUrl\":\"https:\\\/\\\/www.salentodolcevita.com\\\/blog\\\/wp-content\\\/uploads\\\/2017\\\/04\\\/villa-mias.jpg\",\"keywords\":[\"arredamento\",\"casa al mare\",\"design\",\"hygge\",\"interieur\",\"interior\",\"nordic\",\"nordico\",\"salento\",\"scandinave\",\"total white\",\"villa\"],\"articleSection\":[\"News\"],\"inLanguage\":\"fr-FR\"},{\"@type\":\"WebPage\",\"@id\":\"https:\\\/\\\/www.salentodolcevita.com\\\/blog\\\/en\\\/nordic-style-and-hygge-by-the-sea\\\/\",\"url\":\"https:\\\/\\\/www.salentodolcevita.com\\\/blog\\\/en\\\/nordic-style-and-hygge-by-the-sea\\\/\",\"name\":\"[:it]Stile nordico e \u201cHygge\u201d\u2026 in riva al mare[:en]Nordic style and \\\"Hygge\\\" ... by the sea[:fr]Style Scandinave et \\\"Hygge\\\" ... sur la mer[:] - Le Blog de SalentoDolceVita\",\"isPartOf\":{\"@id\":\"https:\\\/\\\/www.salentodolcevita.com\\\/blog\\\/it\\\/#website\"},\"primaryImageOfPage\":{\"@id\":\"https:\\\/\\\/www.salentodolcevita.com\\\/blog\\\/en\\\/nordic-style-and-hygge-by-the-sea\\\/#primaryimage\"},\"image\":{\"@id\":\"https:\\\/\\\/www.salentodolcevita.com\\\/blog\\\/en\\\/nordic-style-and-hygge-by-the-sea\\\/#primaryimage\"},\"thumbnailUrl\":\"https:\\\/\\\/www.salentodolcevita.com\\\/blog\\\/wp-content\\\/uploads\\\/2017\\\/04\\\/villa-mias.jpg\",\"datePublished\":\"2017-04-03T13:42:19+00:00\",\"dateModified\":\"2019-01-15T14:11:45+00:00\",\"breadcrumb\":{\"@id\":\"https:\\\/\\\/www.salentodolcevita.com\\\/blog\\\/en\\\/nordic-style-and-hygge-by-the-sea\\\/#breadcrumb\"},\"inLanguage\":\"fr-FR\",\"potentialAction\":[{\"@type\":\"ReadAction\",\"target\":[\"https:\\\/\\\/www.salentodolcevita.com\\\/blog\\\/en\\\/nordic-style-and-hygge-by-the-sea\\\/\"]}]},{\"@type\":\"ImageObject\",\"inLanguage\":\"fr-FR\",\"@id\":\"https:\\\/\\\/www.salentodolcevita.com\\\/blog\\\/en\\\/nordic-style-and-hygge-by-the-sea\\\/#primaryimage\",\"url\":\"https:\\\/\\\/www.salentodolcevita.com\\\/blog\\\/wp-content\\\/uploads\\\/2017\\\/04\\\/villa-mias.jpg\",\"contentUrl\":\"https:\\\/\\\/www.salentodolcevita.com\\\/blog\\\/wp-content\\\/uploads\\\/2017\\\/04\\\/villa-mias.jpg\",\"width\":1180,\"height\":547,\"caption\":\"hygge e total white meditarraneo\"},{\"@type\":\"BreadcrumbList\",\"@id\":\"https:\\\/\\\/www.salentodolcevita.com\\\/blog\\\/en\\\/nordic-style-and-hygge-by-the-sea\\\/#breadcrumb\",\"itemListElement\":[{\"@type\":\"ListItem\",\"position\":1,\"name\":\"Home\",\"item\":\"https:\\\/\\\/www.salentodolcevita.com\\\/blog\\\/it\\\/\"},{\"@type\":\"ListItem\",\"position\":2,\"name\":\"Nordic style and &#8220;Hygge&#8221; &#8230; by the sea\"}]},{\"@type\":\"WebSite\",\"@id\":\"https:\\\/\\\/www.salentodolcevita.com\\\/blog\\\/it\\\/#website\",\"url\":\"https:\\\/\\\/www.salentodolcevita.com\\\/blog\\\/it\\\/\",\"name\":\"Le Blog de SalentoDolceVita\",\"description\":\"Le guide d\u00e9finitif de vos vacances dans le Salento\",\"publisher\":{\"@id\":\"https:\\\/\\\/www.salentodolcevita.com\\\/blog\\\/it\\\/#organization\"},\"potentialAction\":[{\"@type\":\"SearchAction\",\"target\":{\"@type\":\"EntryPoint\",\"urlTemplate\":\"https:\\\/\\\/www.salentodolcevita.com\\\/blog\\\/it\\\/?s={search_term_string}\"},\"query-input\":{\"@type\":\"PropertyValueSpecification\",\"valueRequired\":true,\"valueName\":\"search_term_string\"}}],\"inLanguage\":\"fr-FR\"},{\"@type\":\"Organization\",\"@id\":\"https:\\\/\\\/www.salentodolcevita.com\\\/blog\\\/it\\\/#organization\",\"name\":\"SalentoDolceVita\",\"url\":\"https:\\\/\\\/www.salentodolcevita.com\\\/blog\\\/it\\\/\",\"logo\":{\"@type\":\"ImageObject\",\"inLanguage\":\"fr-FR\",\"@id\":\"https:\\\/\\\/www.salentodolcevita.com\\\/blog\\\/it\\\/#\\\/schema\\\/logo\\\/image\\\/\",\"url\":\"https:\\\/\\\/www.salentodolcevita.com\\\/blog\\\/wp-content\\\/uploads\\\/2019\\\/01\\\/logo-rosso-su-bianco.jpg\",\"contentUrl\":\"https:\\\/\\\/www.salentodolcevita.com\\\/blog\\\/wp-content\\\/uploads\\\/2019\\\/01\\\/logo-rosso-su-bianco.jpg\",\"width\":171,\"height\":116,\"caption\":\"SalentoDolceVita\"},\"image\":{\"@id\":\"https:\\\/\\\/www.salentodolcevita.com\\\/blog\\\/it\\\/#\\\/schema\\\/logo\\\/image\\\/\"}},{\"@type\":\"Person\",\"@id\":\"https:\\\/\\\/www.salentodolcevita.com\\\/blog\\\/it\\\/#\\\/schema\\\/person\\\/afc29793311aac780f6f1b9f433ab86d\",\"name\":\"SalentoDolceVita\",\"image\":{\"@type\":\"ImageObject\",\"inLanguage\":\"fr-FR\",\"@id\":\"https:\\\/\\\/secure.gravatar.com\\\/avatar\\\/16f2d5f1946984b886d3ae797f38cdc22ba33791260f7916bea6e35df7f6c1c4?s=96&d=mm&r=g\",\"url\":\"https:\\\/\\\/secure.gravatar.com\\\/avatar\\\/16f2d5f1946984b886d3ae797f38cdc22ba33791260f7916bea6e35df7f6c1c4?s=96&d=mm&r=g\",\"contentUrl\":\"https:\\\/\\\/secure.gravatar.com\\\/avatar\\\/16f2d5f1946984b886d3ae797f38cdc22ba33791260f7916bea6e35df7f6c1c4?s=96&d=mm&r=g\",\"caption\":\"SalentoDolceVita\"}}]}<\/script>","yoast_head_json":{"title":"[:it]Stile nordico e \u201cHygge\u201d\u2026 in riva al mare[:en]Nordic style and \"Hygge\" ... by the sea[:fr]Style Scandinave et \"Hygge\" ... sur la mer[:] - Le Blog de SalentoDolceVita","robots":{"index":"index","follow":"follow","max-snippet":"max-snippet:-1","max-image-preview":"max-image-preview:large","max-video-preview":"max-video-preview:-1"},"canonical":"https:\/\/www.salentodolcevita.com\/blog\/en\/nordic-style-and-hygge-by-the-sea\/","og_locale":"fr_FR","og_type":"article","og_title":"[:it]Stile nordico e \u201cHygge\u201d\u2026 in riva al mare[:en]Nordic style and \"Hygge\" ... by the sea[:fr]Style Scandinave et \"Hygge\" ... sur la mer[:] - Le Blog de SalentoDolceVita","og_description":"3 villas dans Salento avec le charme des contradictions Les deux derni\u00e8res ann\u00e9es ont vue l\u2019exploit des int\u00e9rieur en style Scandinave\u00a0\u00e0 toutes les latitudes et maintenant, dans toutes les discussions concernant le mobilier et le bien-\u00eatre, le mot \u00abHygge\u00bb est enfin toujours pr\u00e9sent. C&rsquo;est un trait d\u2019union entre le plaisir d&rsquo;\u00eatre \u00e0 la maison et le bien-\u00eatre li\u00e9 \u00e0 cela, et de soigner les petits d\u00e9tails quotidiens de l&rsquo;int\u00e9rieur. Tout&hellip;","og_url":"https:\/\/www.salentodolcevita.com\/blog\/en\/nordic-style-and-hygge-by-the-sea\/","og_site_name":"Le Blog de SalentoDolceVita","article_published_time":"2017-04-03T13:42:19+00:00","article_modified_time":"2019-01-15T14:11:45+00:00","og_image":[{"width":1180,"height":547,"url":"https:\/\/www.salentodolcevita.com\/blog\/wp-content\/uploads\/2017\/04\/villa-mias.jpg","type":"image\/jpeg"}],"author":"SalentoDolceVita","twitter_card":"summary_large_image","twitter_misc":{"\u00c9crit par":"SalentoDolceVita","Dur\u00e9e de lecture estim\u00e9e":"11 minutes"},"schema":{"@context":"https:\/\/schema.org","@graph":[{"@type":"Article","@id":"https:\/\/www.salentodolcevita.com\/blog\/en\/nordic-style-and-hygge-by-the-sea\/#article","isPartOf":{"@id":"https:\/\/www.salentodolcevita.com\/blog\/en\/nordic-style-and-hygge-by-the-sea\/"},"author":{"name":"SalentoDolceVita","@id":"https:\/\/www.salentodolcevita.com\/blog\/it\/#\/schema\/person\/afc29793311aac780f6f1b9f433ab86d"},"headline":"Style Scandinave et \u00ab\u00a0Hygge\u00a0\u00bb &#8230; sur la mer","datePublished":"2017-04-03T13:42:19+00:00","dateModified":"2019-01-15T14:11:45+00:00","mainEntityOfPage":{"@id":"https:\/\/www.salentodolcevita.com\/blog\/en\/nordic-style-and-hygge-by-the-sea\/"},"wordCount":2261,"publisher":{"@id":"https:\/\/www.salentodolcevita.com\/blog\/it\/#organization"},"image":{"@id":"https:\/\/www.salentodolcevita.com\/blog\/en\/nordic-style-and-hygge-by-the-sea\/#primaryimage"},"thumbnailUrl":"https:\/\/www.salentodolcevita.com\/blog\/wp-content\/uploads\/2017\/04\/villa-mias.jpg","keywords":["arredamento","casa al mare","design","hygge","interieur","interior","nordic","nordico","salento","scandinave","total white","villa"],"articleSection":["News"],"inLanguage":"fr-FR"},{"@type":"WebPage","@id":"https:\/\/www.salentodolcevita.com\/blog\/en\/nordic-style-and-hygge-by-the-sea\/","url":"https:\/\/www.salentodolcevita.com\/blog\/en\/nordic-style-and-hygge-by-the-sea\/","name":"[:it]Stile nordico e \u201cHygge\u201d\u2026 in riva al mare[:en]Nordic style and \"Hygge\" ... by the sea[:fr]Style Scandinave et \"Hygge\" ... sur la mer[:] - Le Blog de SalentoDolceVita","isPartOf":{"@id":"https:\/\/www.salentodolcevita.com\/blog\/it\/#website"},"primaryImageOfPage":{"@id":"https:\/\/www.salentodolcevita.com\/blog\/en\/nordic-style-and-hygge-by-the-sea\/#primaryimage"},"image":{"@id":"https:\/\/www.salentodolcevita.com\/blog\/en\/nordic-style-and-hygge-by-the-sea\/#primaryimage"},"thumbnailUrl":"https:\/\/www.salentodolcevita.com\/blog\/wp-content\/uploads\/2017\/04\/villa-mias.jpg","datePublished":"2017-04-03T13:42:19+00:00","dateModified":"2019-01-15T14:11:45+00:00","breadcrumb":{"@id":"https:\/\/www.salentodolcevita.com\/blog\/en\/nordic-style-and-hygge-by-the-sea\/#breadcrumb"},"inLanguage":"fr-FR","potentialAction":[{"@type":"ReadAction","target":["https:\/\/www.salentodolcevita.com\/blog\/en\/nordic-style-and-hygge-by-the-sea\/"]}]},{"@type":"ImageObject","inLanguage":"fr-FR","@id":"https:\/\/www.salentodolcevita.com\/blog\/en\/nordic-style-and-hygge-by-the-sea\/#primaryimage","url":"https:\/\/www.salentodolcevita.com\/blog\/wp-content\/uploads\/2017\/04\/villa-mias.jpg","contentUrl":"https:\/\/www.salentodolcevita.com\/blog\/wp-content\/uploads\/2017\/04\/villa-mias.jpg","width":1180,"height":547,"caption":"hygge e total white meditarraneo"},{"@type":"BreadcrumbList","@id":"https:\/\/www.salentodolcevita.com\/blog\/en\/nordic-style-and-hygge-by-the-sea\/#breadcrumb","itemListElement":[{"@type":"ListItem","position":1,"name":"Home","item":"https:\/\/www.salentodolcevita.com\/blog\/it\/"},{"@type":"ListItem","position":2,"name":"Nordic style and &#8220;Hygge&#8221; &#8230; by the sea"}]},{"@type":"WebSite","@id":"https:\/\/www.salentodolcevita.com\/blog\/it\/#website","url":"https:\/\/www.salentodolcevita.com\/blog\/it\/","name":"Le Blog de SalentoDolceVita","description":"Le guide d\u00e9finitif de vos vacances dans le Salento","publisher":{"@id":"https:\/\/www.salentodolcevita.com\/blog\/it\/#organization"},"potentialAction":[{"@type":"SearchAction","target":{"@type":"EntryPoint","urlTemplate":"https:\/\/www.salentodolcevita.com\/blog\/it\/?s={search_term_string}"},"query-input":{"@type":"PropertyValueSpecification","valueRequired":true,"valueName":"search_term_string"}}],"inLanguage":"fr-FR"},{"@type":"Organization","@id":"https:\/\/www.salentodolcevita.com\/blog\/it\/#organization","name":"SalentoDolceVita","url":"https:\/\/www.salentodolcevita.com\/blog\/it\/","logo":{"@type":"ImageObject","inLanguage":"fr-FR","@id":"https:\/\/www.salentodolcevita.com\/blog\/it\/#\/schema\/logo\/image\/","url":"https:\/\/www.salentodolcevita.com\/blog\/wp-content\/uploads\/2019\/01\/logo-rosso-su-bianco.jpg","contentUrl":"https:\/\/www.salentodolcevita.com\/blog\/wp-content\/uploads\/2019\/01\/logo-rosso-su-bianco.jpg","width":171,"height":116,"caption":"SalentoDolceVita"},"image":{"@id":"https:\/\/www.salentodolcevita.com\/blog\/it\/#\/schema\/logo\/image\/"}},{"@type":"Person","@id":"https:\/\/www.salentodolcevita.com\/blog\/it\/#\/schema\/person\/afc29793311aac780f6f1b9f433ab86d","name":"SalentoDolceVita","image":{"@type":"ImageObject","inLanguage":"fr-FR","@id":"https:\/\/secure.gravatar.com\/avatar\/16f2d5f1946984b886d3ae797f38cdc22ba33791260f7916bea6e35df7f6c1c4?s=96&d=mm&r=g","url":"https:\/\/secure.gravatar.com\/avatar\/16f2d5f1946984b886d3ae797f38cdc22ba33791260f7916bea6e35df7f6c1c4?s=96&d=mm&r=g","contentUrl":"https:\/\/secure.gravatar.com\/avatar\/16f2d5f1946984b886d3ae797f38cdc22ba33791260f7916bea6e35df7f6c1c4?s=96&d=mm&r=g","caption":"SalentoDolceVita"}}]}},"_links":{"self":[{"href":"https:\/\/www.salentodolcevita.com\/blog\/fr\/wp-json\/wp\/v2\/posts\/1585","targetHints":{"allow":["GET"]}}],"collection":[{"href":"https:\/\/www.salentodolcevita.com\/blog\/fr\/wp-json\/wp\/v2\/posts"}],"about":[{"href":"https:\/\/www.salentodolcevita.com\/blog\/fr\/wp-json\/wp\/v2\/types\/post"}],"author":[{"embeddable":true,"href":"https:\/\/www.salentodolcevita.com\/blog\/fr\/wp-json\/wp\/v2\/users\/1"}],"replies":[{"embeddable":true,"href":"https:\/\/www.salentodolcevita.com\/blog\/fr\/wp-json\/wp\/v2\/comments?post=1585"}],"version-history":[{"count":3,"href":"https:\/\/www.salentodolcevita.com\/blog\/fr\/wp-json\/wp\/v2\/posts\/1585\/revisions"}],"predecessor-version":[{"id":2661,"href":"https:\/\/www.salentodolcevita.com\/blog\/fr\/wp-json\/wp\/v2\/posts\/1585\/revisions\/2661"}],"wp:featuredmedia":[{"embeddable":true,"href":"https:\/\/www.salentodolcevita.com\/blog\/fr\/wp-json\/wp\/v2\/media\/1591"}],"wp:attachment":[{"href":"https:\/\/www.salentodolcevita.com\/blog\/fr\/wp-json\/wp\/v2\/media?parent=1585"}],"wp:term":[{"taxonomy":"category","embeddable":true,"href":"https:\/\/www.salentodolcevita.com\/blog\/fr\/wp-json\/wp\/v2\/categories?post=1585"},{"taxonomy":"post_tag","embeddable":true,"href":"https:\/\/www.salentodolcevita.com\/blog\/fr\/wp-json\/wp\/v2\/tags?post=1585"}],"curies":[{"name":"wp","href":"https:\/\/api.w.org\/{rel}","templated":true}]}}