{"id":1821,"date":"2017-07-31T11:50:54","date_gmt":"2017-07-31T11:50:54","guid":{"rendered":"https:\/\/www.salentodolcevita.com\/blog\/?p=1821"},"modified":"2019-01-15T14:59:56","modified_gmt":"2019-01-15T13:59:56","slug":"bagno-e-benessere-una-spa-privata-nella-tua-casa-vacanze","status":"publish","type":"post","link":"https:\/\/www.salentodolcevita.com\/blog\/fr\/bagno-e-benessere-una-spa-privata-nella-tua-casa-vacanze\/","title":{"rendered":"Bain et bien-\u00eatre: un spa priv\u00e9 dans votre maison de vacances"},"content":{"rendered":"<p><\/p>\n<h3>Villas avec bains de charme, au coeur du magnifique Salento<\/h3>\n<p>Autrefois, lorsque les concepteurs parlaient d&rsquo;int\u00e9rieurs, ils ont surtout parl\u00e9 des \u201cchambres\u201d. De la cuisine au salon \u00e0 la chambre au lit, en accordant une grande attention aux meubles et aux mat\u00e9riaux.<\/p>\n<p>La m\u00eame attention a \u00e9t\u00e9 accord\u00e9e aux jardins et \u00e0 l&rsquo;ext\u00e9rieur, mais peu, tr\u00e8s peu d&rsquo;attention aux salles de bains.<\/p>\n<p>Ces temps sont le pass\u00e9.<\/p>\n<p>Aujourd&rsquo;hui, \u00e0 la fois dans\u00a0le design du bien-\u00eatre \u00e0 la maison et dans le choix d&rsquo;un lieu pour passer des vacances, l&rsquo;espace des toilettes est aussi important que n&rsquo;importe quelle autre pi\u00e8ce.<\/p>\n<p>Les salles de bains deviennent d\u00e9sormais de v\u00e9ritables salles de \u00abbien-\u00eatre\u00bb, \u00e0 la fois pour leur nature \u00abpriv\u00e9e\u00bb et gr\u00e2ce aux nouvelles vagues du design.<\/p>\n<p>Regardons ensemble 5 salles de bains dans 6 villas au Salento con\u00e7ues pour vous faire sentir bien.<\/p>\n<h3><strong>Lorsque le bien-\u00eatre est \u00ab\u00a0au centre\u00a0\u00bb, la baignoire est l\u00e0 aussi<\/strong><\/h3>\n<figure id=\"attachment_1822\" aria-describedby=\"caption-attachment-1822\" style=\"width: 970px\" class=\"wp-caption alignnone\"><a href=\"https:\/\/www.salentodolcevita.com\/blog\/wp-content\/uploads\/2017\/07\/bagno-palazzo-artes.jpg\" data-rel=\"lightbox-image-8\" data-rl_title=\"\" data-rl_caption=\"\" title=\"\"><img loading=\"lazy\" decoding=\"async\" class=\"size-full wp-image-1822\" src=\"https:\/\/www.salentodolcevita.com\/blog\/wp-content\/uploads\/2017\/07\/bagno-palazzo-artes.jpg\" alt=\"bagno palazzo artes villa nel salento\" width=\"970\" height=\"650\" srcset=\"https:\/\/www.salentodolcevita.com\/blog\/wp-content\/uploads\/2017\/07\/bagno-palazzo-artes.jpg 970w, https:\/\/www.salentodolcevita.com\/blog\/wp-content\/uploads\/2017\/07\/bagno-palazzo-artes-300x201.jpg 300w, https:\/\/www.salentodolcevita.com\/blog\/wp-content\/uploads\/2017\/07\/bagno-palazzo-artes-768x515.jpg 768w\" sizes=\"auto, (max-width: 970px) 100vw, 970px\" \/><\/a><figcaption id=\"caption-attachment-1822\" class=\"wp-caption-text\">Bagno e vasca palazzo Artes &#8211; booking@salentodolcevita.com<\/figcaption><\/figure>\n<p>Le placement central, de premier plan et pro\u00e9minent da la baignoire dans <a href=\"https:\/\/www.salentodolcevita.com\/fr\/vacanze\/villa\/otranto\/410-palazzo-artes.htm\" target=\"_blank\" rel=\"noopener\"><strong>Palazzo Artes (Otranto)<\/strong><\/a> est une id\u00e9e de vie exprim\u00e9e par le design de la salle de bain: le bien-\u00eatre et la d\u00e9tente est au centre de l&rsquo;ensemble du concept de maison, et c&rsquo;est pourquoi la baignoire est d\u00e9finie comme un tr\u00f4ne , comme un troph\u00e9e.<\/p>\n<p>Ce n&rsquo;est pas un endroit pour une douche rapide: il s\u2019agit d\u2019un endroit qui vous invite \u00e0 passer des heures, sans t\u00e9l\u00e9phones et sans internet, sans de relations publiques, sauf avec nous-m\u00eames.<\/p>\n<h4><a href=\"https:\/\/www.salentodolcevita.com\/blog\/avere-opere-darte-dentro-casa-quali-sono-i-benefici\/?lang=fr\" target=\"_blank\" rel=\"noopener\">Nous avons d\u00e9j\u00e0 parl\u00e9 du Palazzo Artes en parlant des avantages de vivre dans un mus\u00e9e d&rsquo;art \u00e0 la maison.\u00a0<\/a><\/h4>\n<h3><strong>Une nouvelle exp\u00e9rience de douche<\/strong><\/h3>\n<p>M\u00eame une douche peut maintenant sortir du concept de \u00abdouche rapide\u00bb.<\/p>\n<p>Il n&rsquo;y a pas besoin d&rsquo;une douche \u00e9motionnelle pour donner la bonne importance \u00e0 ce moment. <a href=\"https:\/\/www.salentodolcevita.com\/fr\/vacanze\/villa\/santa-maria-di-leuca\/418-villa-elia.htm\" target=\"_blank\" rel=\"noopener\"><strong>Villa Elia<\/strong><\/a>\u00a0commence par lui donner, tout d&rsquo;abord, le just espace, en faisant de la douche un aquarium o\u00f9 vous serez la seule sir\u00e8ne.<\/p>\n<figure id=\"attachment_1823\" aria-describedby=\"caption-attachment-1823\" style=\"width: 970px\" class=\"wp-caption alignnone\"><a href=\"https:\/\/www.salentodolcevita.com\/blog\/wp-content\/uploads\/2017\/07\/villa-elia-doccia-emozionale-.jpg\" data-rel=\"lightbox-image-1\" data-rl_title=\"\" data-rl_caption=\"\" title=\"\"><img loading=\"lazy\" decoding=\"async\" class=\"size-full wp-image-1823\" src=\"https:\/\/www.salentodolcevita.com\/blog\/wp-content\/uploads\/2017\/07\/villa-elia-doccia-emozionale-.jpg\" alt=\"villa elia doccia emozionale\" width=\"970\" height=\"650\" srcset=\"https:\/\/www.salentodolcevita.com\/blog\/wp-content\/uploads\/2017\/07\/villa-elia-doccia-emozionale-.jpg 970w, https:\/\/www.salentodolcevita.com\/blog\/wp-content\/uploads\/2017\/07\/villa-elia-doccia-emozionale--300x201.jpg 300w, https:\/\/www.salentodolcevita.com\/blog\/wp-content\/uploads\/2017\/07\/villa-elia-doccia-emozionale--768x515.jpg 768w\" sizes=\"auto, (max-width: 970px) 100vw, 970px\" \/><\/a><figcaption id=\"caption-attachment-1823\" class=\"wp-caption-text\">Villa Elia, doccia e bagno &#8211; booking@salentodolcevita.com<\/figcaption><\/figure>\n<p>Le sentiment d&rsquo;\u00eatre entour\u00e9 par un \u00abautre\u00bb environnement par rapport au reste de la maison est toutefois pris au s\u00e9rieux, m\u00eame dans les petites salles de bains.<\/p>\n<p>Cette id\u00e9e est sugg\u00e9r\u00e9e dans <a href=\"https:\/\/www.salentodolcevita.com\/fr\/vacanze\/villa\/specchia\/356-masseria-terra-doro.htm\" target=\"_blank\" rel=\"noopener\"><strong>Masseria Terra d&rsquo;Oro<\/strong><\/a>, avec sa salle de bains o\u00f9 les couleurs douces embrassent l&rsquo;espace de la salle de bain, o\u00f9 la douche a un verre presque invisible et tout semble fluctuer comme dans la maison Batlo \u00e0 Barcelone.<\/p>\n<div id='gallery-5' class='gallery galleryid-1821 gallery-columns-2 gallery-size-full'><figure class='gallery-item'>\n\t\t\t<div class='gallery-icon portrait'>\n\t\t\t\t<a href='https:\/\/www.salentodolcevita.com\/blog\/wp-content\/uploads\/2017\/07\/bagno-blu-masseria-terra-doro.jpg' title=\"\" data-rl_title=\"\" class=\"rl-gallery-link\" data-rl_caption=\"\" data-rel=\"lightbox-gallery-5\"><img loading=\"lazy\" decoding=\"async\" width=\"433\" height=\"650\" src=\"https:\/\/www.salentodolcevita.com\/blog\/wp-content\/uploads\/2017\/07\/bagno-blu-masseria-terra-doro.jpg\" class=\"attachment-full size-full\" alt=\"\" aria-describedby=\"gallery-5-1825\" srcset=\"https:\/\/www.salentodolcevita.com\/blog\/wp-content\/uploads\/2017\/07\/bagno-blu-masseria-terra-doro.jpg 433w, https:\/\/www.salentodolcevita.com\/blog\/wp-content\/uploads\/2017\/07\/bagno-blu-masseria-terra-doro-200x300.jpg 200w\" sizes=\"auto, (max-width: 433px) 100vw, 433px\" \/><\/a>\n\t\t\t<\/div>\n\t\t\t\t<figcaption class='wp-caption-text gallery-caption' id='gallery-5-1825'>\n\t\t\t\tBagno Masseria Terra d&rsquo;Oro &#8211; booking@salentodolcevita.com \n\t\t\t\t<\/figcaption><\/figure><figure class='gallery-item'>\n\t\t\t<div class='gallery-icon portrait'>\n\t\t\t\t<a href='https:\/\/www.salentodolcevita.com\/blog\/wp-content\/uploads\/2017\/07\/bagno-blu-masseria-terra-doro-2.jpg' title=\"\" data-rl_title=\"\" class=\"rl-gallery-link\" data-rl_caption=\"\" data-rel=\"lightbox-gallery-5\"><img loading=\"lazy\" decoding=\"async\" width=\"433\" height=\"650\" src=\"https:\/\/www.salentodolcevita.com\/blog\/wp-content\/uploads\/2017\/07\/bagno-blu-masseria-terra-doro-2.jpg\" class=\"attachment-full size-full\" alt=\"\" aria-describedby=\"gallery-5-1824\" srcset=\"https:\/\/www.salentodolcevita.com\/blog\/wp-content\/uploads\/2017\/07\/bagno-blu-masseria-terra-doro-2.jpg 433w, https:\/\/www.salentodolcevita.com\/blog\/wp-content\/uploads\/2017\/07\/bagno-blu-masseria-terra-doro-2-200x300.jpg 200w\" sizes=\"auto, (max-width: 433px) 100vw, 433px\" \/><\/a>\n\t\t\t<\/div>\n\t\t\t\t<figcaption class='wp-caption-text gallery-caption' id='gallery-5-1824'>\n\t\t\t\tBagno Masseria Terra d&rsquo;Oro &#8211; booking@salentodolcevita.com \n\t\t\t\t<\/figcaption><\/figure>\n\t\t<\/div>\n\n<h3><strong>Mat\u00e9riaux naturels<\/strong><\/h3>\n<p>Comme nous l&rsquo;avons d\u00e9j\u00e0 dit pr\u00e9c\u00e9demment, les mat\u00e9riaux naturels sont indispensables lorsqu&rsquo;on parle d&rsquo;une zone de bien-\u00eatre domestique.<\/p>\n<p>Les salles de bains ne font pas exception et ont une place particuli\u00e8re dans cette id\u00e9e.<\/p>\n<p>De la salle de bain de <a href=\"https:\/\/www.salentodolcevita.com\/fr\/vacanze\/villa\/gallipoli-santa-caterina\/461-villa-verna.htm\" target=\"_blank\" rel=\"noopener\"><strong>Villa Verna,<\/strong><\/a> o\u00f9 le bois alternent les \u00e9l\u00e9ments en pierre, \u00e0 la pierre forte des anciens lavabos paysans qui deviennent le leitmotiv de <a href=\"https:\/\/www.salentodolcevita.com\/fr\/vacanze\/maison-de-campagne-en-bord-de-mer\/santa-maria-di-leuca\/465-villa-rita.htm\" target=\"_blank\" rel=\"noopener\"><strong>Villa Rita<\/strong><\/a> et <a href=\"https:\/\/www.salentodolcevita.com\/fr\/vacanze\/masseria-ferme-fortifiee\/castro---otranto--\/456-masseria-farnara.htm\" target=\"_blank\" rel=\"noopener\"><strong>Villa Farnara,<\/strong><\/a> qui ajoute au tadelak aux pierres anciennes.<\/p>\n<div id='gallery-6' class='gallery galleryid-1821 gallery-columns-4 gallery-size-full'><figure class='gallery-item'>\n\t\t\t<div class='gallery-icon landscape'>\n\t\t\t\t<a href='https:\/\/www.salentodolcevita.com\/blog\/wp-content\/uploads\/2017\/07\/villa-verna-bagno-.jpg' title=\"\" data-rl_title=\"\" class=\"rl-gallery-link\" data-rl_caption=\"\" data-rel=\"lightbox-gallery-6\"><img loading=\"lazy\" decoding=\"async\" width=\"1100\" height=\"680\" src=\"https:\/\/www.salentodolcevita.com\/blog\/wp-content\/uploads\/2017\/07\/villa-verna-bagno-.jpg\" class=\"attachment-full size-full\" alt=\"\" aria-describedby=\"gallery-6-1827\" srcset=\"https:\/\/www.salentodolcevita.com\/blog\/wp-content\/uploads\/2017\/07\/villa-verna-bagno-.jpg 1100w, https:\/\/www.salentodolcevita.com\/blog\/wp-content\/uploads\/2017\/07\/villa-verna-bagno--300x185.jpg 300w, https:\/\/www.salentodolcevita.com\/blog\/wp-content\/uploads\/2017\/07\/villa-verna-bagno--768x475.jpg 768w, https:\/\/www.salentodolcevita.com\/blog\/wp-content\/uploads\/2017\/07\/villa-verna-bagno--1024x633.jpg 1024w\" sizes=\"auto, (max-width: 1100px) 100vw, 1100px\" \/><\/a>\n\t\t\t<\/div>\n\t\t\t\t<figcaption class='wp-caption-text gallery-caption' id='gallery-6-1827'>\n\t\t\t\tVilla Verna, bagno Total wood e pietra\n\t\t\t\t<\/figcaption><\/figure><figure class='gallery-item'>\n\t\t\t<div class='gallery-icon landscape'>\n\t\t\t\t<a href='https:\/\/www.salentodolcevita.com\/blog\/wp-content\/uploads\/2017\/07\/doccia-tadelak-farnara-.jpg' title=\"\" data-rl_title=\"\" class=\"rl-gallery-link\" data-rl_caption=\"\" data-rel=\"lightbox-gallery-6\"><img loading=\"lazy\" decoding=\"async\" width=\"1050\" height=\"680\" src=\"https:\/\/www.salentodolcevita.com\/blog\/wp-content\/uploads\/2017\/07\/doccia-tadelak-farnara-.jpg\" class=\"attachment-full size-full\" alt=\"\" aria-describedby=\"gallery-6-1826\" srcset=\"https:\/\/www.salentodolcevita.com\/blog\/wp-content\/uploads\/2017\/07\/doccia-tadelak-farnara-.jpg 1050w, https:\/\/www.salentodolcevita.com\/blog\/wp-content\/uploads\/2017\/07\/doccia-tadelak-farnara--300x194.jpg 300w, https:\/\/www.salentodolcevita.com\/blog\/wp-content\/uploads\/2017\/07\/doccia-tadelak-farnara--768x497.jpg 768w, https:\/\/www.salentodolcevita.com\/blog\/wp-content\/uploads\/2017\/07\/doccia-tadelak-farnara--1024x663.jpg 1024w\" sizes=\"auto, (max-width: 1050px) 100vw, 1050px\" \/><\/a>\n\t\t\t<\/div>\n\t\t\t\t<figcaption class='wp-caption-text gallery-caption' id='gallery-6-1826'>\n\t\t\t\tVilla Farnara, doccia \n\t\t\t\t<\/figcaption><\/figure><figure class='gallery-item'>\n\t\t\t<div class='gallery-icon landscape'>\n\t\t\t\t<a href='https:\/\/www.salentodolcevita.com\/blog\/wp-content\/uploads\/2017\/07\/lavello-bagnp-rita.jpg' title=\"\" data-rl_title=\"\" class=\"rl-gallery-link\" data-rl_caption=\"\" data-rel=\"lightbox-gallery-6\"><img loading=\"lazy\" decoding=\"async\" width=\"1080\" height=\"710\" src=\"https:\/\/www.salentodolcevita.com\/blog\/wp-content\/uploads\/2017\/07\/lavello-bagnp-rita.jpg\" class=\"attachment-full size-full\" alt=\"\" aria-describedby=\"gallery-6-1814\" srcset=\"https:\/\/www.salentodolcevita.com\/blog\/wp-content\/uploads\/2017\/07\/lavello-bagnp-rita.jpg 1080w, https:\/\/www.salentodolcevita.com\/blog\/wp-content\/uploads\/2017\/07\/lavello-bagnp-rita-300x197.jpg 300w, https:\/\/www.salentodolcevita.com\/blog\/wp-content\/uploads\/2017\/07\/lavello-bagnp-rita-768x505.jpg 768w, https:\/\/www.salentodolcevita.com\/blog\/wp-content\/uploads\/2017\/07\/lavello-bagnp-rita-1024x673.jpg 1024w\" sizes=\"auto, (max-width: 1080px) 100vw, 1080px\" \/><\/a>\n\t\t\t<\/div>\n\t\t\t\t<figcaption class='wp-caption-text gallery-caption' id='gallery-6-1814'>\n\t\t\t\tVilla Rita &#8211; lavabo in pietra &#8211; booking@salentodolcevita.com \n\t\t\t\t<\/figcaption><\/figure><figure class='gallery-item'>\n\t\t\t<div class='gallery-icon landscape'>\n\t\t\t\t<a href='https:\/\/www.salentodolcevita.com\/blog\/wp-content\/uploads\/2017\/07\/villa-rita-lavabo-2.jpg' title=\"\" data-rl_title=\"\" class=\"rl-gallery-link\" data-rl_caption=\"\" data-rel=\"lightbox-gallery-6\"><img loading=\"lazy\" decoding=\"async\" width=\"1080\" height=\"720\" src=\"https:\/\/www.salentodolcevita.com\/blog\/wp-content\/uploads\/2017\/07\/villa-rita-lavabo-2.jpg\" class=\"attachment-full size-full\" alt=\"\" aria-describedby=\"gallery-6-1813\" srcset=\"https:\/\/www.salentodolcevita.com\/blog\/wp-content\/uploads\/2017\/07\/villa-rita-lavabo-2.jpg 1080w, https:\/\/www.salentodolcevita.com\/blog\/wp-content\/uploads\/2017\/07\/villa-rita-lavabo-2-300x200.jpg 300w, https:\/\/www.salentodolcevita.com\/blog\/wp-content\/uploads\/2017\/07\/villa-rita-lavabo-2-768x512.jpg 768w, https:\/\/www.salentodolcevita.com\/blog\/wp-content\/uploads\/2017\/07\/villa-rita-lavabo-2-1024x683.jpg 1024w\" sizes=\"auto, (max-width: 1080px) 100vw, 1080px\" \/><\/a>\n\t\t\t<\/div>\n\t\t\t\t<figcaption class='wp-caption-text gallery-caption' id='gallery-6-1813'>\n\t\t\t\tVilla Rita &#8211; lavabo in pietra &#8211; booking@salentodolcevita.com \n\t\t\t\t<\/figcaption><\/figure>\n\t\t<\/div>\n\n<h3><a href=\"https:\/\/www.salentodolcevita.com\/blog\/strumenti-contadini-che-diventano-design-di-lusso\/?lang=fr\" target=\"_blank\" rel=\"noopener\">\u00a0En savoir plus sur le Salento Luxury Green Design<\/a><\/h3>\n<p><\/p>","protected":false},"excerpt":{"rendered":"<p>Villas avec bains de charme, au coeur du magnifique Salento Autrefois, lorsque les concepteurs parlaient d&rsquo;int\u00e9rieurs, ils ont surtout parl\u00e9 des \u201cchambres\u201d. De la cuisine au salon \u00e0 la chambre au lit, en accordant une grande attention aux meubles et aux mat\u00e9riaux. La m\u00eame attention a \u00e9t\u00e9 accord\u00e9e aux jardins et \u00e0 l&rsquo;ext\u00e9rieur, mais peu, tr\u00e8s peu d&rsquo;attention aux salles de bains. Ces temps sont le pass\u00e9. Aujourd&rsquo;hui, \u00e0 la&hellip;<\/p>\n","protected":false},"author":1,"featured_media":1744,"comment_status":"closed","ping_status":"closed","sticky":false,"template":"","format":"standard","meta":{"footnotes":""},"categories":[5],"tags":[59,60,69,78,80,188,279,291,339,447,511,548,555,632,662,678],"class_list":["post-1821","post","type-post","status-publish","format-standard","has-post-thumbnail","hentry","category-news","tag-bagni","tag-bagno","tag-bathrooms","tag-benessere","tag-bien-etre","tag-design","tag-hub","tag-interior","tag-lusso","tag-pietra","tag-salento","tag-shower","tag-spa","tag-vasca","tag-ville","tag-well-being"],"yoast_head":"<title>Bain et bien-\u00eatre: un spa priv\u00e9 dans votre maison de vacances - Le Blog de SalentoDolceVita<\/title>\n<meta name=\"robots\" content=\"index, follow, max-snippet:-1, max-image-preview:large, max-video-preview:-1\" \/>\n<link rel=\"canonical\" href=\"https:\/\/www.salentodolcevita.com\/blog\/en\/bathrom-and-wellness-a-private-spa-in-your-holiday-home\/\" \/>\n<meta property=\"og:locale\" content=\"fr_FR\" \/>\n<meta property=\"og:type\" content=\"article\" \/>\n<meta property=\"og:title\" content=\"[:it]Bagno e benessere: una Spa privata nella tua casa vacanze.[:en]Bathrom and wellness: a private spa in your holiday home.[:fr]Bain et bien-\u00eatre: un spa priv\u00e9 dans votre maison de vacances[:] - Le Blog de SalentoDolceVita\" \/>\n<meta property=\"og:description\" content=\"Villas avec bains de charme, au coeur du magnifique Salento Autrefois, lorsque les concepteurs parlaient d&rsquo;int\u00e9rieurs, ils ont surtout parl\u00e9 des \u201cchambres\u201d. De la cuisine au salon \u00e0 la chambre au lit, en accordant une grande attention aux meubles et aux mat\u00e9riaux. La m\u00eame attention a \u00e9t\u00e9 accord\u00e9e aux jardins et \u00e0 l&rsquo;ext\u00e9rieur, mais peu, tr\u00e8s peu d&rsquo;attention aux salles de bains. Ces temps sont le pass\u00e9. Aujourd&rsquo;hui, \u00e0 la&hellip;\" \/>\n<meta property=\"og:url\" content=\"https:\/\/www.salentodolcevita.com\/blog\/en\/bathrom-and-wellness-a-private-spa-in-your-holiday-home\/\" \/>\n<meta property=\"og:site_name\" content=\"Le Blog de SalentoDolceVita\" \/>\n<meta property=\"article:published_time\" content=\"2017-07-31T11:50:54+00:00\" \/>\n<meta property=\"article:modified_time\" content=\"2019-01-15T13:59:56+00:00\" \/>\n<meta property=\"og:image\" content=\"https:\/\/www.salentodolcevita.com\/blog\/wp-content\/uploads\/2017\/06\/sciaroccu-bagno-2.jpg\" \/>\n\t<meta property=\"og:image:width\" content=\"900\" \/>\n\t<meta property=\"og:image:height\" content=\"580\" \/>\n\t<meta property=\"og:image:type\" content=\"image\/jpeg\" \/>\n<meta name=\"author\" content=\"SalentoDolceVita\" \/>\n<meta name=\"twitter:card\" content=\"summary_large_image\" \/>\n<meta name=\"twitter:label1\" content=\"\u00c9crit par\" \/>\n\t<meta name=\"twitter:data1\" content=\"SalentoDolceVita\" \/>\n\t<meta name=\"twitter:label2\" content=\"Dur\u00e9e de lecture estim\u00e9e\" \/>\n\t<meta name=\"twitter:data2\" content=\"8 minutes\" \/>\n<script type=\"application\/ld+json\" class=\"yoast-schema-graph\">{\"@context\":\"https:\\\/\\\/schema.org\",\"@graph\":[{\"@type\":\"Article\",\"@id\":\"https:\\\/\\\/www.salentodolcevita.com\\\/blog\\\/en\\\/bathrom-and-wellness-a-private-spa-in-your-holiday-home\\\/#article\",\"isPartOf\":{\"@id\":\"https:\\\/\\\/www.salentodolcevita.com\\\/blog\\\/en\\\/bathrom-and-wellness-a-private-spa-in-your-holiday-home\\\/\"},\"author\":{\"name\":\"SalentoDolceVita\",\"@id\":\"https:\\\/\\\/www.salentodolcevita.com\\\/blog\\\/it\\\/#\\\/schema\\\/person\\\/afc29793311aac780f6f1b9f433ab86d\"},\"headline\":\"Bain et bien-\u00eatre: un spa priv\u00e9 dans votre maison de vacances\",\"datePublished\":\"2017-07-31T11:50:54+00:00\",\"dateModified\":\"2019-01-15T13:59:56+00:00\",\"mainEntityOfPage\":{\"@id\":\"https:\\\/\\\/www.salentodolcevita.com\\\/blog\\\/en\\\/bathrom-and-wellness-a-private-spa-in-your-holiday-home\\\/\"},\"wordCount\":1644,\"publisher\":{\"@id\":\"https:\\\/\\\/www.salentodolcevita.com\\\/blog\\\/it\\\/#organization\"},\"image\":{\"@id\":\"https:\\\/\\\/www.salentodolcevita.com\\\/blog\\\/en\\\/bathrom-and-wellness-a-private-spa-in-your-holiday-home\\\/#primaryimage\"},\"thumbnailUrl\":\"https:\\\/\\\/www.salentodolcevita.com\\\/blog\\\/wp-content\\\/uploads\\\/2017\\\/06\\\/sciaroccu-bagno-2.jpg\",\"keywords\":[\"bagni\",\"bagno\",\"bathrooms\",\"benessere\",\"bien etre\",\"design\",\"hub\",\"interior\",\"lusso\",\"pietra\",\"salento\",\"shower\",\"spa\",\"vasca\",\"ville\",\"well being\"],\"articleSection\":[\"News\"],\"inLanguage\":\"fr-FR\"},{\"@type\":\"WebPage\",\"@id\":\"https:\\\/\\\/www.salentodolcevita.com\\\/blog\\\/en\\\/bathrom-and-wellness-a-private-spa-in-your-holiday-home\\\/\",\"url\":\"https:\\\/\\\/www.salentodolcevita.com\\\/blog\\\/en\\\/bathrom-and-wellness-a-private-spa-in-your-holiday-home\\\/\",\"name\":\"[:it]Bagno e benessere: una Spa privata nella tua casa vacanze.[:en]Bathrom and wellness: a private spa in your holiday home.[:fr]Bain et bien-\u00eatre: un spa priv\u00e9 dans votre maison de vacances[:] - Le Blog de SalentoDolceVita\",\"isPartOf\":{\"@id\":\"https:\\\/\\\/www.salentodolcevita.com\\\/blog\\\/it\\\/#website\"},\"primaryImageOfPage\":{\"@id\":\"https:\\\/\\\/www.salentodolcevita.com\\\/blog\\\/en\\\/bathrom-and-wellness-a-private-spa-in-your-holiday-home\\\/#primaryimage\"},\"image\":{\"@id\":\"https:\\\/\\\/www.salentodolcevita.com\\\/blog\\\/en\\\/bathrom-and-wellness-a-private-spa-in-your-holiday-home\\\/#primaryimage\"},\"thumbnailUrl\":\"https:\\\/\\\/www.salentodolcevita.com\\\/blog\\\/wp-content\\\/uploads\\\/2017\\\/06\\\/sciaroccu-bagno-2.jpg\",\"datePublished\":\"2017-07-31T11:50:54+00:00\",\"dateModified\":\"2019-01-15T13:59:56+00:00\",\"breadcrumb\":{\"@id\":\"https:\\\/\\\/www.salentodolcevita.com\\\/blog\\\/en\\\/bathrom-and-wellness-a-private-spa-in-your-holiday-home\\\/#breadcrumb\"},\"inLanguage\":\"fr-FR\",\"potentialAction\":[{\"@type\":\"ReadAction\",\"target\":[\"https:\\\/\\\/www.salentodolcevita.com\\\/blog\\\/en\\\/bathrom-and-wellness-a-private-spa-in-your-holiday-home\\\/\"]}]},{\"@type\":\"ImageObject\",\"inLanguage\":\"fr-FR\",\"@id\":\"https:\\\/\\\/www.salentodolcevita.com\\\/blog\\\/en\\\/bathrom-and-wellness-a-private-spa-in-your-holiday-home\\\/#primaryimage\",\"url\":\"https:\\\/\\\/www.salentodolcevita.com\\\/blog\\\/wp-content\\\/uploads\\\/2017\\\/06\\\/sciaroccu-bagno-2.jpg\",\"contentUrl\":\"https:\\\/\\\/www.salentodolcevita.com\\\/blog\\\/wp-content\\\/uploads\\\/2017\\\/06\\\/sciaroccu-bagno-2.jpg\",\"width\":900,\"height\":580,\"caption\":\"Casa Sciaroccu, Gallipoli, dettaglio bagno\"},{\"@type\":\"BreadcrumbList\",\"@id\":\"https:\\\/\\\/www.salentodolcevita.com\\\/blog\\\/en\\\/bathrom-and-wellness-a-private-spa-in-your-holiday-home\\\/#breadcrumb\",\"itemListElement\":[{\"@type\":\"ListItem\",\"position\":1,\"name\":\"Home\",\"item\":\"https:\\\/\\\/www.salentodolcevita.com\\\/blog\\\/it\\\/\"},{\"@type\":\"ListItem\",\"position\":2,\"name\":\"Bathrom and wellness: a private spa in your holiday home.\"}]},{\"@type\":\"WebSite\",\"@id\":\"https:\\\/\\\/www.salentodolcevita.com\\\/blog\\\/it\\\/#website\",\"url\":\"https:\\\/\\\/www.salentodolcevita.com\\\/blog\\\/it\\\/\",\"name\":\"Le Blog de SalentoDolceVita\",\"description\":\"Le guide d\u00e9finitif de vos vacances dans le Salento\",\"publisher\":{\"@id\":\"https:\\\/\\\/www.salentodolcevita.com\\\/blog\\\/it\\\/#organization\"},\"potentialAction\":[{\"@type\":\"SearchAction\",\"target\":{\"@type\":\"EntryPoint\",\"urlTemplate\":\"https:\\\/\\\/www.salentodolcevita.com\\\/blog\\\/it\\\/?s={search_term_string}\"},\"query-input\":{\"@type\":\"PropertyValueSpecification\",\"valueRequired\":true,\"valueName\":\"search_term_string\"}}],\"inLanguage\":\"fr-FR\"},{\"@type\":\"Organization\",\"@id\":\"https:\\\/\\\/www.salentodolcevita.com\\\/blog\\\/it\\\/#organization\",\"name\":\"SalentoDolceVita\",\"url\":\"https:\\\/\\\/www.salentodolcevita.com\\\/blog\\\/it\\\/\",\"logo\":{\"@type\":\"ImageObject\",\"inLanguage\":\"fr-FR\",\"@id\":\"https:\\\/\\\/www.salentodolcevita.com\\\/blog\\\/it\\\/#\\\/schema\\\/logo\\\/image\\\/\",\"url\":\"https:\\\/\\\/www.salentodolcevita.com\\\/blog\\\/wp-content\\\/uploads\\\/2019\\\/01\\\/logo-rosso-su-bianco.jpg\",\"contentUrl\":\"https:\\\/\\\/www.salentodolcevita.com\\\/blog\\\/wp-content\\\/uploads\\\/2019\\\/01\\\/logo-rosso-su-bianco.jpg\",\"width\":171,\"height\":116,\"caption\":\"SalentoDolceVita\"},\"image\":{\"@id\":\"https:\\\/\\\/www.salentodolcevita.com\\\/blog\\\/it\\\/#\\\/schema\\\/logo\\\/image\\\/\"}},{\"@type\":\"Person\",\"@id\":\"https:\\\/\\\/www.salentodolcevita.com\\\/blog\\\/it\\\/#\\\/schema\\\/person\\\/afc29793311aac780f6f1b9f433ab86d\",\"name\":\"SalentoDolceVita\",\"image\":{\"@type\":\"ImageObject\",\"inLanguage\":\"fr-FR\",\"@id\":\"https:\\\/\\\/secure.gravatar.com\\\/avatar\\\/16f2d5f1946984b886d3ae797f38cdc22ba33791260f7916bea6e35df7f6c1c4?s=96&d=mm&r=g\",\"url\":\"https:\\\/\\\/secure.gravatar.com\\\/avatar\\\/16f2d5f1946984b886d3ae797f38cdc22ba33791260f7916bea6e35df7f6c1c4?s=96&d=mm&r=g\",\"contentUrl\":\"https:\\\/\\\/secure.gravatar.com\\\/avatar\\\/16f2d5f1946984b886d3ae797f38cdc22ba33791260f7916bea6e35df7f6c1c4?s=96&d=mm&r=g\",\"caption\":\"SalentoDolceVita\"}}]}<\/script>","yoast_head_json":{"title":"[:it]Bagno e benessere: una Spa privata nella tua casa vacanze.[:en]Bathrom and wellness: a private spa in your holiday home.[:fr]Bain et bien-\u00eatre: un spa priv\u00e9 dans votre maison de vacances[:] - Le Blog de SalentoDolceVita","robots":{"index":"index","follow":"follow","max-snippet":"max-snippet:-1","max-image-preview":"max-image-preview:large","max-video-preview":"max-video-preview:-1"},"canonical":"https:\/\/www.salentodolcevita.com\/blog\/en\/bathrom-and-wellness-a-private-spa-in-your-holiday-home\/","og_locale":"fr_FR","og_type":"article","og_title":"[:it]Bagno e benessere: una Spa privata nella tua casa vacanze.[:en]Bathrom and wellness: a private spa in your holiday home.[:fr]Bain et bien-\u00eatre: un spa priv\u00e9 dans votre maison de vacances[:] - Le Blog de SalentoDolceVita","og_description":"Villas avec bains de charme, au coeur du magnifique Salento Autrefois, lorsque les concepteurs parlaient d&rsquo;int\u00e9rieurs, ils ont surtout parl\u00e9 des \u201cchambres\u201d. De la cuisine au salon \u00e0 la chambre au lit, en accordant une grande attention aux meubles et aux mat\u00e9riaux. La m\u00eame attention a \u00e9t\u00e9 accord\u00e9e aux jardins et \u00e0 l&rsquo;ext\u00e9rieur, mais peu, tr\u00e8s peu d&rsquo;attention aux salles de bains. Ces temps sont le pass\u00e9. Aujourd&rsquo;hui, \u00e0 la&hellip;","og_url":"https:\/\/www.salentodolcevita.com\/blog\/en\/bathrom-and-wellness-a-private-spa-in-your-holiday-home\/","og_site_name":"Le Blog de SalentoDolceVita","article_published_time":"2017-07-31T11:50:54+00:00","article_modified_time":"2019-01-15T13:59:56+00:00","og_image":[{"width":900,"height":580,"url":"https:\/\/www.salentodolcevita.com\/blog\/wp-content\/uploads\/2017\/06\/sciaroccu-bagno-2.jpg","type":"image\/jpeg"}],"author":"SalentoDolceVita","twitter_card":"summary_large_image","twitter_misc":{"\u00c9crit par":"SalentoDolceVita","Dur\u00e9e de lecture estim\u00e9e":"8 minutes"},"schema":{"@context":"https:\/\/schema.org","@graph":[{"@type":"Article","@id":"https:\/\/www.salentodolcevita.com\/blog\/en\/bathrom-and-wellness-a-private-spa-in-your-holiday-home\/#article","isPartOf":{"@id":"https:\/\/www.salentodolcevita.com\/blog\/en\/bathrom-and-wellness-a-private-spa-in-your-holiday-home\/"},"author":{"name":"SalentoDolceVita","@id":"https:\/\/www.salentodolcevita.com\/blog\/it\/#\/schema\/person\/afc29793311aac780f6f1b9f433ab86d"},"headline":"Bain et bien-\u00eatre: un spa priv\u00e9 dans votre maison de vacances","datePublished":"2017-07-31T11:50:54+00:00","dateModified":"2019-01-15T13:59:56+00:00","mainEntityOfPage":{"@id":"https:\/\/www.salentodolcevita.com\/blog\/en\/bathrom-and-wellness-a-private-spa-in-your-holiday-home\/"},"wordCount":1644,"publisher":{"@id":"https:\/\/www.salentodolcevita.com\/blog\/it\/#organization"},"image":{"@id":"https:\/\/www.salentodolcevita.com\/blog\/en\/bathrom-and-wellness-a-private-spa-in-your-holiday-home\/#primaryimage"},"thumbnailUrl":"https:\/\/www.salentodolcevita.com\/blog\/wp-content\/uploads\/2017\/06\/sciaroccu-bagno-2.jpg","keywords":["bagni","bagno","bathrooms","benessere","bien etre","design","hub","interior","lusso","pietra","salento","shower","spa","vasca","ville","well being"],"articleSection":["News"],"inLanguage":"fr-FR"},{"@type":"WebPage","@id":"https:\/\/www.salentodolcevita.com\/blog\/en\/bathrom-and-wellness-a-private-spa-in-your-holiday-home\/","url":"https:\/\/www.salentodolcevita.com\/blog\/en\/bathrom-and-wellness-a-private-spa-in-your-holiday-home\/","name":"[:it]Bagno e benessere: una Spa privata nella tua casa vacanze.[:en]Bathrom and wellness: a private spa in your holiday home.[:fr]Bain et bien-\u00eatre: un spa priv\u00e9 dans votre maison de vacances[:] - Le Blog de SalentoDolceVita","isPartOf":{"@id":"https:\/\/www.salentodolcevita.com\/blog\/it\/#website"},"primaryImageOfPage":{"@id":"https:\/\/www.salentodolcevita.com\/blog\/en\/bathrom-and-wellness-a-private-spa-in-your-holiday-home\/#primaryimage"},"image":{"@id":"https:\/\/www.salentodolcevita.com\/blog\/en\/bathrom-and-wellness-a-private-spa-in-your-holiday-home\/#primaryimage"},"thumbnailUrl":"https:\/\/www.salentodolcevita.com\/blog\/wp-content\/uploads\/2017\/06\/sciaroccu-bagno-2.jpg","datePublished":"2017-07-31T11:50:54+00:00","dateModified":"2019-01-15T13:59:56+00:00","breadcrumb":{"@id":"https:\/\/www.salentodolcevita.com\/blog\/en\/bathrom-and-wellness-a-private-spa-in-your-holiday-home\/#breadcrumb"},"inLanguage":"fr-FR","potentialAction":[{"@type":"ReadAction","target":["https:\/\/www.salentodolcevita.com\/blog\/en\/bathrom-and-wellness-a-private-spa-in-your-holiday-home\/"]}]},{"@type":"ImageObject","inLanguage":"fr-FR","@id":"https:\/\/www.salentodolcevita.com\/blog\/en\/bathrom-and-wellness-a-private-spa-in-your-holiday-home\/#primaryimage","url":"https:\/\/www.salentodolcevita.com\/blog\/wp-content\/uploads\/2017\/06\/sciaroccu-bagno-2.jpg","contentUrl":"https:\/\/www.salentodolcevita.com\/blog\/wp-content\/uploads\/2017\/06\/sciaroccu-bagno-2.jpg","width":900,"height":580,"caption":"Casa Sciaroccu, Gallipoli, dettaglio bagno"},{"@type":"BreadcrumbList","@id":"https:\/\/www.salentodolcevita.com\/blog\/en\/bathrom-and-wellness-a-private-spa-in-your-holiday-home\/#breadcrumb","itemListElement":[{"@type":"ListItem","position":1,"name":"Home","item":"https:\/\/www.salentodolcevita.com\/blog\/it\/"},{"@type":"ListItem","position":2,"name":"Bathrom and wellness: a private spa in your holiday home."}]},{"@type":"WebSite","@id":"https:\/\/www.salentodolcevita.com\/blog\/it\/#website","url":"https:\/\/www.salentodolcevita.com\/blog\/it\/","name":"Le Blog de SalentoDolceVita","description":"Le guide d\u00e9finitif de vos vacances dans le Salento","publisher":{"@id":"https:\/\/www.salentodolcevita.com\/blog\/it\/#organization"},"potentialAction":[{"@type":"SearchAction","target":{"@type":"EntryPoint","urlTemplate":"https:\/\/www.salentodolcevita.com\/blog\/it\/?s={search_term_string}"},"query-input":{"@type":"PropertyValueSpecification","valueRequired":true,"valueName":"search_term_string"}}],"inLanguage":"fr-FR"},{"@type":"Organization","@id":"https:\/\/www.salentodolcevita.com\/blog\/it\/#organization","name":"SalentoDolceVita","url":"https:\/\/www.salentodolcevita.com\/blog\/it\/","logo":{"@type":"ImageObject","inLanguage":"fr-FR","@id":"https:\/\/www.salentodolcevita.com\/blog\/it\/#\/schema\/logo\/image\/","url":"https:\/\/www.salentodolcevita.com\/blog\/wp-content\/uploads\/2019\/01\/logo-rosso-su-bianco.jpg","contentUrl":"https:\/\/www.salentodolcevita.com\/blog\/wp-content\/uploads\/2019\/01\/logo-rosso-su-bianco.jpg","width":171,"height":116,"caption":"SalentoDolceVita"},"image":{"@id":"https:\/\/www.salentodolcevita.com\/blog\/it\/#\/schema\/logo\/image\/"}},{"@type":"Person","@id":"https:\/\/www.salentodolcevita.com\/blog\/it\/#\/schema\/person\/afc29793311aac780f6f1b9f433ab86d","name":"SalentoDolceVita","image":{"@type":"ImageObject","inLanguage":"fr-FR","@id":"https:\/\/secure.gravatar.com\/avatar\/16f2d5f1946984b886d3ae797f38cdc22ba33791260f7916bea6e35df7f6c1c4?s=96&d=mm&r=g","url":"https:\/\/secure.gravatar.com\/avatar\/16f2d5f1946984b886d3ae797f38cdc22ba33791260f7916bea6e35df7f6c1c4?s=96&d=mm&r=g","contentUrl":"https:\/\/secure.gravatar.com\/avatar\/16f2d5f1946984b886d3ae797f38cdc22ba33791260f7916bea6e35df7f6c1c4?s=96&d=mm&r=g","caption":"SalentoDolceVita"}}]}},"_links":{"self":[{"href":"https:\/\/www.salentodolcevita.com\/blog\/fr\/wp-json\/wp\/v2\/posts\/1821","targetHints":{"allow":["GET"]}}],"collection":[{"href":"https:\/\/www.salentodolcevita.com\/blog\/fr\/wp-json\/wp\/v2\/posts"}],"about":[{"href":"https:\/\/www.salentodolcevita.com\/blog\/fr\/wp-json\/wp\/v2\/types\/post"}],"author":[{"embeddable":true,"href":"https:\/\/www.salentodolcevita.com\/blog\/fr\/wp-json\/wp\/v2\/users\/1"}],"replies":[{"embeddable":true,"href":"https:\/\/www.salentodolcevita.com\/blog\/fr\/wp-json\/wp\/v2\/comments?post=1821"}],"version-history":[{"count":1,"href":"https:\/\/www.salentodolcevita.com\/blog\/fr\/wp-json\/wp\/v2\/posts\/1821\/revisions"}],"predecessor-version":[{"id":2157,"href":"https:\/\/www.salentodolcevita.com\/blog\/fr\/wp-json\/wp\/v2\/posts\/1821\/revisions\/2157"}],"wp:featuredmedia":[{"embeddable":true,"href":"https:\/\/www.salentodolcevita.com\/blog\/fr\/wp-json\/wp\/v2\/media\/1744"}],"wp:attachment":[{"href":"https:\/\/www.salentodolcevita.com\/blog\/fr\/wp-json\/wp\/v2\/media?parent=1821"}],"wp:term":[{"taxonomy":"category","embeddable":true,"href":"https:\/\/www.salentodolcevita.com\/blog\/fr\/wp-json\/wp\/v2\/categories?post=1821"},{"taxonomy":"post_tag","embeddable":true,"href":"https:\/\/www.salentodolcevita.com\/blog\/fr\/wp-json\/wp\/v2\/tags?post=1821"}],"curies":[{"name":"wp","href":"https:\/\/api.w.org\/{rel}","templated":true}]}}