{"id":574,"date":"2016-01-08T16:26:56","date_gmt":"2016-01-08T16:26:56","guid":{"rendered":"http:\/\/salentodolcevita.com\/blog\/?p=574"},"modified":"2018-02-13T17:24:20","modified_gmt":"2018-02-13T16:24:20","slug":"impressioni-dinverno-nel-salento","status":"publish","type":"post","link":"https:\/\/www.salentodolcevita.com\/blog\/fr\/impressioni-dinverno-nel-salento\/","title":{"rendered":"Salento, un conte d&rsquo;hiver"},"content":{"rendered":"<p>Salento; il ne s&rsquo;agit pas seulement d&rsquo;une histoire d&rsquo;\u00e9t\u00e9.<\/p>\n<p>Les nombreux touristes qui sont venus pour c\u00e9l\u00e9brer le premier Nouvel An dans l&rsquo;Est, \u00e0 Otranto, sont bien conscients de \u00e7a.<\/p>\n<p>M\u00eame ceux qui ont vu le grand concert de Lecce le 31 D\u00e9cembre\u00a0le savent bien.<\/p>\n<p>M\u00eame ceux qui ont l&rsquo;intention de venir d\u00e9couvrir <a href=\"https:\/\/www.salentodolcevita.com\/blog\/index.php\/italiano-fuoco-mare-dinverno-xx-ecco-i-xx-motivi-per-visitare-il-salento-in-pieno-inverno\/?lang=fr\"><span style=\"text-decoration: underline;\"><strong>la chaleur des f\u00eates\u00a0du feu\u00a0aux\u00a0mois de Janvier, F\u00e9vrier et Mars<\/strong><\/span><\/a> connaissent le pouvoir attractif de cette terre en hiver.<\/p>\n<blockquote class=\"twitter-tweet\" lang=\"it\">\n<p dir=\"ltr\" lang=\"en\"><a href=\"https:\/\/twitter.com\/hashtag\/travel?src=hash\">#travel<\/a> where your soul fire is welcome. <a href=\"https:\/\/twitter.com\/hashtag\/salento?src=hash\">#salento<\/a> <a href=\"https:\/\/t.co\/LQO79UgraR\">https:\/\/t.co\/LQO79UgraR<\/a> <a href=\"https:\/\/t.co\/Ka3TXCGOa6\">pic.twitter.com\/Ka3TXCGOa6<\/a><\/p>\n<p>\u2014 SalentoDolceVita (@Apuliavillas) <a href=\"https:\/\/twitter.com\/Apuliavillas\/status\/685098650696028160\">7 Gennaio 2016<\/a><\/p><\/blockquote>\n<p><script src=\"\/\/platform.twitter.com\/widgets.js\" async=\"\" charset=\"utf-8\"><\/script>Mais les territoires du talon de l&rsquo;Italie ne sont pas seulement des lieux de transit en p\u00e9riode de f\u00eate. Les passages de temps \u00e0 South East savent comment \u00eatre charmant, engageant et en mesure d&rsquo;enlever quiconque, m\u00eame dans les mois d&rsquo;hiver et pour les voyageurs qui ne sont pas \u00e0 la recherche d&rsquo;occasions sp\u00e9ciales \u00e0 d\u00e9couvrir la beaut\u00e9 et DolceVita. Aujourd&rsquo;hui, nous vous proposons un petit voyage avec le photographe <strong>Lucilla Cuman<\/strong>, expert connaisseur du territoire et de ses secrets. <strong>Gallipoli et ses amis bruyant.<\/strong><\/p>\n<blockquote class=\"instagram-media\" style=\"background: #FFF; border: 0; border-radius: 3px; box-shadow: 0 0 1px 0 rgba(0,0,0,0.5),0 1px 10px 0 rgba(0,0,0,0.15); margin: 1px; max-width: 658px; padding: 0; width: calc(100% - 2px);\" data-instgrm-captioned=\"\" data-instgrm-version=\"6\">\n<div style=\"padding: 8px;\">\n<div style=\"background: #F8F8F8; line-height: 0; margin-top: 40px; padding: 33.4239130435% 0; text-align: center; width: 100%;\"><\/div>\n<p><a style=\"color: #000; font-family: Arial,sans-serif; font-size: 14px; font-style: normal; font-weight: normal; line-height: 17px; text-decoration: none; word-wrap: break-word;\" href=\"https:\/\/www.instagram.com\/p\/BAKQAJwQO4y\/\" target=\"_blank\" rel=\"noopener\">#salento #weareinpuglia #phototour #lucillacumanphotography #awesome #italy #italiantour #cartolina #gallipoli2015 #gallipoli #gabbiani #gabbianiinvolo #salentoesoncontento #salentodascoprire #salentotherapy #winter #igerspuglia #thisispuglia #igersitalia #photography #landscape #sea #geo #volgopuglia<\/a> \u00a0 Una foto pubblicata da Lucilla Cuman (@lucillaphotography) in data: <time style=\"font-family: Arial,sans-serif; font-size: 14px; line-height: 17px;\" datetime=\"2016-01-05T14:08:29+00:00\">5 Gen 2016 alle ore 06:08 PST<\/time><\/p>\n<\/div>\n<\/blockquote>\n<p>&nbsp;<\/p>\n<blockquote class=\"instagram-media\" style=\"background: #FFF; border: 0; border-radius: 3px; box-shadow: 0 0 1px 0 rgba(0,0,0,0.5),0 1px 10px 0 rgba(0,0,0,0.15); margin: 1px; max-width: 658px; padding: 0; width: calc(100% - 2px);\" data-instgrm-captioned=\"\" data-instgrm-version=\"6\">\n<div style=\"padding: 8px;\">\n<div style=\"background: #F8F8F8; line-height: 0; margin-top: 40px; padding: 33.4239130435% 0; text-align: center; width: 100%;\"><\/div>\n<p><a style=\"color: #000; font-family: Arial,sans-serif; font-size: 14px; font-style: normal; font-weight: normal; line-height: 17px; text-decoration: none; word-wrap: break-word;\" href=\"https:\/\/www.instagram.com\/p\/BAH1lX4QOzm\/\" target=\"_blank\" rel=\"noopener\">#salento #weareinpuglia #phototour #lucillacumanphotography #awesome #italy #italiantour #cartolina #gallipoli #igerspuglia #igersitalia #photography #landscape #sea #igersgallipoli #salentodascoprire #salentotherapy #salentoesoncontento #winter<\/a> Una foto pubblicata da Lucilla Cuman (@lucillaphotography) in data: <time style=\"font-family: Arial,sans-serif; font-size: 14px; line-height: 17px;\" datetime=\"2016-01-04T15:39:09+00:00\">4 Gen 2016 alle ore 07:39 PST<\/time><\/p>\n<\/div>\n<\/blockquote>\n<p><script src=\"\/\/platform.instagram.com\/en_US\/embeds.js\" async=\"\" defer=\"defer\"><\/script><\/p>\n<p><strong>Tomates et pendaison &#8230; \u00e0 la faison &lsquo;nserta&rsquo;.<\/strong><br \/>\nIls ont une peau plus \u00e9paisse, puis r\u00e9sister au froid. En pendaison ils\u00a0sont beaux, sur la table sont bonnes.<\/p>\n<blockquote class=\"instagram-media\" style=\"background: #FFF; border: 0; border-radius: 3px; box-shadow: 0 0 1px 0 rgba(0,0,0,0.5),0 1px 10px 0 rgba(0,0,0,0.15); margin: 1px; max-width: 658px; padding: 0; width: calc(100% - 2px);\" data-instgrm-captioned=\"\" data-instgrm-version=\"6\">\n<div style=\"padding: 8px;\">\n<div style=\"background: #F8F8F8; line-height: 0; margin-top: 40px; padding: 33.4239130435% 0; text-align: center; width: 100%;\"><\/div>\n<p><a style=\"color: #000; font-family: Arial,sans-serif; font-size: 14px; font-style: normal; font-weight: normal; line-height: 17px; text-decoration: none; word-wrap: break-word;\" href=\"https:\/\/www.instagram.com\/p\/_4iAyWQO0L\/\" target=\"_blank\" rel=\"noopener\">#salento #weareinpuglia #phototour #lucillacumanphotography #awesome #italy #italiantour #cartolina #photofood #puglia #pugliadascoprire #pomodoro #tradizion #slowfood #pomodori #igerspuglia #thisispuglia #igersitalia<\/a><\/p>\n<p>Una foto pubblicata da Lucilla Cuman (@lucillaphotography) in data: <time style=\"font-family: Arial,sans-serif; font-size: 14px; line-height: 17px;\" datetime=\"2015-12-29T16:59:31+00:00\">29 Dic 2015 alle ore 08:59 PST<\/time><\/p>\n<\/div>\n<\/blockquote>\n<p><script src=\"\/\/platform.instagram.com\/en_US\/embeds.js\" async=\"\" defer=\"defer\"><\/script>\u00a0 A pied ou \u00e0 v\u00e9lo ou en faisant un tour en voiture,\u00a0dans la campagne du Salento\u00a0vous allez rencontrer\u00a0eux aussi &#8230; Qui ne sont pas\u00a0d\u00e9ranges d&rsquo;\u00eatre photographi\u00e9s<\/p>\n<blockquote class=\"instagram-media\" style=\"background: #FFF; border: 0; border-radius: 3px; box-shadow: 0 0 1px 0 rgba(0,0,0,0.5),0 1px 10px 0 rgba(0,0,0,0.15); margin: 1px; max-width: 658px; padding: 0; width: calc(100% - 2px);\" data-instgrm-captioned=\"\" data-instgrm-version=\"6\">\n<div style=\"padding: 8px;\">\n<div style=\"background: #F8F8F8; line-height: 0; margin-top: 40px; padding: 33.4239130435% 0; text-align: center; width: 100%;\"><\/div>\n<p><a style=\"color: #000; font-family: Arial,sans-serif; font-size: 14px; font-style: normal; font-weight: normal; line-height: 17px; text-decoration: none; word-wrap: break-word;\" href=\"https:\/\/www.instagram.com\/p\/_yiCB-wOy5\/\" target=\"_blank\" rel=\"noopener\">#salento #weareinpuglia #phototour #lucillacumanphotography #awesome #italy #italiantour #sheep #blacksheep #pugliadascoprire #puglia #italy #volgoitalia #volgopuglia #igerspuglia #igersitalia #photography #pecorino #caciotta #pecora #pecorapugliese #natgeo<\/a> \u00a0 Una foto pubblicata da Lucilla Cuman (@lucillaphotography) in data: <time style=\"font-family: Arial,sans-serif; font-size: 14px; line-height: 17px;\" datetime=\"2015-12-27T09:04:15+00:00\">27 Dic 2015 alle ore 01:04 PST<\/time><\/p>\n<\/div>\n<\/blockquote>\n<p><script src=\"\/\/platform.instagram.com\/en_US\/embeds.js\" async=\"\" defer=\"defer\"><\/script><\/p>\n<p><strong>La Neige et les olives. Surr\u00e9aliste, mais vrai.<br \/>\n<\/strong><\/p>\n<blockquote class=\"instagram-media\" style=\"background: #FFF; border: 0; border-radius: 3px; box-shadow: 0 0 1px 0 rgba(0,0,0,0.5),0 1px 10px 0 rgba(0,0,0,0.15); margin: 1px; max-width: 658px; padding: 0; width: calc(100% - 2px);\" data-instgrm-captioned=\"\" data-instgrm-version=\"6\">\n<div style=\"padding: 8px;\">\n<div style=\"background: #F8F8F8; line-height: 0; margin-top: 40px; padding: 33.3333333333% 0; text-align: center; width: 100%;\"><\/div>\n<p><a style=\"color: #000; font-family: Arial,sans-serif; font-size: 14px; font-style: normal; font-weight: normal; line-height: 17px; text-decoration: none; word-wrap: break-word;\" href=\"https:\/\/www.instagram.com\/p\/_ldQGEQO15\/\" target=\"_blank\" rel=\"noopener\">Waiting for Snow. &#8230; #weareinpuglia #winter2014 #nevicata2014 #snow #neve #ulivi #salentodascoprire #salviamogliulivi #puglia #travel #pugliadascoprire #italy #ostuni2014 #altosalento<\/a> Una foto pubblicata da Lucilla Cuman (@lucillaphotography) in data: <time style=\"font-family: Arial,sans-serif; font-size: 14px; line-height: 17px;\" datetime=\"2015-12-22T07:12:21+00:00\">21 Dic 2015 alle ore 23:12 PST<\/time><\/p>\n<\/div>\n<\/blockquote>\n<p><script src=\"\/\/platform.instagram.com\/en_US\/embeds.js\" async=\"\" defer=\"defer\"><\/script><strong>Lecce, Porta Napoli<\/strong>\u00a0et ses lauriers roses semblant de rester immobile, indiff\u00e9rent au temps qui passe<\/p>\n<blockquote class=\"instagram-media\" style=\"background: #FFF; border: 0; border-radius: 3px; box-shadow: 0 0 1px 0 rgba(0,0,0,0.5),0 1px 10px 0 rgba(0,0,0,0.15); margin: 1px; max-width: 658px; padding: 0; width: calc(100% - 2px);\" data-instgrm-captioned=\"\" data-instgrm-version=\"6\">\n<div style=\"padding: 8px;\">\n<div style=\"background: #F8F8F8; line-height: 0; margin-top: 40px; padding: 50.0% 0; text-align: center; width: 100%;\"><\/div>\n<p><a style=\"color: #000; font-family: Arial,sans-serif; font-size: 14px; font-style: normal; font-weight: normal; line-height: 17px; text-decoration: none; word-wrap: break-word;\" href=\"https:\/\/www.instagram.com\/p\/_JPnmhQO_S\/\" target=\"_blank\" rel=\"noopener\">#salento #weareinpuglia #phototour #lucillacumanphotography #awesome #italy #italiantour #cartolina #lecce #obelisco #puglia #travel #bluehour #portanapoli<\/a> \u00a0 Una foto pubblicata da Lucilla Cuman (@lucillaphotography) in data: <time style=\"font-family: Arial,sans-serif; font-size: 14px; line-height: 17px;\" datetime=\"2015-12-11T08:14:30+00:00\">11 Dic 2015 alle ore 00:14 PST<\/time><\/p>\n<\/div>\n<\/blockquote>\n<p><script src=\"\/\/platform.instagram.com\/en_US\/embeds.js\" async=\"\" defer=\"defer\"><\/script><\/p>\n<p>Parfois, l\u2019hiver regarde la mer et fait semblant d\u2019\u00eatre l\u2019\u00e9t\u00e9.<\/p>\n<blockquote class=\"instagram-media\" style=\"background: #FFF; border: 0; border-radius: 3px; box-shadow: 0 0 1px 0 rgba(0,0,0,0.5),0 1px 10px 0 rgba(0,0,0,0.15); margin: 1px; max-width: 658px; padding: 0; width: calc(100% - 2px);\" data-instgrm-captioned=\"\" data-instgrm-version=\"6\">\n<div style=\"padding: 8px;\">\n<div style=\"background: #F8F8F8; line-height: 0; margin-top: 40px; padding: 33.4239130435% 0; text-align: center; width: 100%;\"><\/div>\n<p><a style=\"color: #000; font-family: Arial,sans-serif; font-size: 14px; font-style: normal; font-weight: normal; line-height: 17px; text-decoration: none; word-wrap: break-word;\" href=\"https:\/\/www.instagram.com\/p\/_L_DMZwO8T\/\" target=\"_blank\" rel=\"noopener\">#salento #weareinpuglia #awesomeearth #lucillacumanphotography #italy #puglia #mare #viaggiareinp #salentotherapy #pugliadascoprire<\/a> Una foto pubblicata da Lucilla Cuman (@lucillaphotography) in data: <time style=\"font-family: Arial,sans-serif; font-size: 14px; line-height: 17px;\" datetime=\"2015-12-12T09:47:26+00:00\">12 Dic 2015 alle ore 01:47 PST<\/time><\/p>\n<\/div>\n<\/blockquote>\n<p><script>\/\/ <![CDATA[ \/\/ ]]><\/script><\/p>\n<p>Avez vous des photos du Salento en hiver? tag nous en Instagram<a href=\"https:\/\/www.instagram.com\/salentodolcevita\/\" target=\"_blank\" rel=\"noopener\">, @salentodolcevita<\/a><\/p>","protected":false},"excerpt":{"rendered":"<p>Salento; il ne s&rsquo;agit pas seulement d&rsquo;une histoire d&rsquo;\u00e9t\u00e9. Les nombreux touristes qui sont venus pour c\u00e9l\u00e9brer le premier Nouvel An dans l&rsquo;Est, \u00e0 Otranto, sont bien conscients de \u00e7a. M\u00eame ceux qui ont vu le grand concert de Lecce le 31 D\u00e9cembre\u00a0le savent bien. M\u00eame ceux qui ont l&rsquo;intention de venir d\u00e9couvrir la chaleur des f\u00eates\u00a0du feu\u00a0aux\u00a0mois de Janvier, F\u00e9vrier et Mars connaissent le pouvoir attractif de cette terre&hellip;<\/p>\n","protected":false},"author":1,"featured_media":575,"comment_status":"closed","ping_status":"closed","sticky":false,"template":"","format":"standard","meta":{"footnotes":""},"categories":[5],"tags":[247,276,295,319,323,371,445,470,482,511,605,647,684],"class_list":["post-574","post","type-post","status-publish","format-standard","has-post-thumbnail","hentry","category-news","tag-gallipoli","tag-hiver","tag-inverno","tag-landscape","tag-lecce","tag-mer","tag-photography","tag-pouilles","tag-puglia","tag-salento","tag-travel","tag-viaggio","tag-winter"],"yoast_head":"<title>Salento, un conte d&#039;hiver - Le Blog de SalentoDolceVita<\/title>\n<meta name=\"robots\" content=\"index, follow, max-snippet:-1, max-image-preview:large, max-video-preview:-1\" \/>\n<link rel=\"canonical\" href=\"https:\/\/www.salentodolcevita.com\/blog\/en\/salento-a-winter-tale\/\" \/>\n<meta property=\"og:locale\" content=\"fr_FR\" \/>\n<meta property=\"og:type\" content=\"article\" \/>\n<meta property=\"og:title\" content=\"[:it]Impressioni d&#039;Inverno nel Salento.[:en]Salento, a winter tale[:fr]Salento, un conte d&#039;hiver[:] - Le Blog de SalentoDolceVita\" \/>\n<meta property=\"og:description\" content=\"Salento; il ne s&rsquo;agit pas seulement d&rsquo;une histoire d&rsquo;\u00e9t\u00e9. Les nombreux touristes qui sont venus pour c\u00e9l\u00e9brer le premier Nouvel An dans l&rsquo;Est, \u00e0 Otranto, sont bien conscients de \u00e7a. M\u00eame ceux qui ont vu le grand concert de Lecce le 31 D\u00e9cembre\u00a0le savent bien. M\u00eame ceux qui ont l&rsquo;intention de venir d\u00e9couvrir la chaleur des f\u00eates\u00a0du feu\u00a0aux\u00a0mois de Janvier, F\u00e9vrier et Mars connaissent le pouvoir attractif de cette terre&hellip;\" \/>\n<meta property=\"og:url\" content=\"https:\/\/www.salentodolcevita.com\/blog\/en\/salento-a-winter-tale\/\" \/>\n<meta property=\"og:site_name\" content=\"Le Blog de SalentoDolceVita\" \/>\n<meta property=\"article:published_time\" content=\"2016-01-08T16:26:56+00:00\" \/>\n<meta property=\"article:modified_time\" content=\"2018-02-13T16:24:20+00:00\" \/>\n<meta property=\"og:image\" content=\"https:\/\/www.salentodolcevita.com\/blog\/wp-content\/uploads\/2016\/01\/Panni-stesi-a-Nardo-by-Lucilla-Cuman-Ph.jpg\" \/>\n\t<meta property=\"og:image:width\" content=\"1280\" \/>\n\t<meta property=\"og:image:height\" content=\"857\" \/>\n\t<meta property=\"og:image:type\" content=\"image\/jpeg\" \/>\n<meta name=\"author\" content=\"SalentoDolceVita\" \/>\n<meta name=\"twitter:card\" content=\"summary_large_image\" \/>\n<meta name=\"twitter:label1\" content=\"\u00c9crit par\" \/>\n\t<meta name=\"twitter:data1\" content=\"SalentoDolceVita\" \/>\n\t<meta name=\"twitter:label2\" content=\"Dur\u00e9e de lecture estim\u00e9e\" \/>\n\t<meta name=\"twitter:data2\" content=\"7 minutes\" \/>\n<script type=\"application\/ld+json\" class=\"yoast-schema-graph\">{\"@context\":\"https:\\\/\\\/schema.org\",\"@graph\":[{\"@type\":\"Article\",\"@id\":\"https:\\\/\\\/www.salentodolcevita.com\\\/blog\\\/en\\\/salento-a-winter-tale\\\/#article\",\"isPartOf\":{\"@id\":\"https:\\\/\\\/www.salentodolcevita.com\\\/blog\\\/en\\\/salento-a-winter-tale\\\/\"},\"author\":{\"name\":\"SalentoDolceVita\",\"@id\":\"https:\\\/\\\/www.salentodolcevita.com\\\/blog\\\/it\\\/#\\\/schema\\\/person\\\/afc29793311aac780f6f1b9f433ab86d\"},\"headline\":\"Salento, un conte d&rsquo;hiver\",\"datePublished\":\"2016-01-08T16:26:56+00:00\",\"dateModified\":\"2018-02-13T16:24:20+00:00\",\"mainEntityOfPage\":{\"@id\":\"https:\\\/\\\/www.salentodolcevita.com\\\/blog\\\/en\\\/salento-a-winter-tale\\\/\"},\"wordCount\":1519,\"publisher\":{\"@id\":\"https:\\\/\\\/www.salentodolcevita.com\\\/blog\\\/it\\\/#organization\"},\"image\":{\"@id\":\"https:\\\/\\\/www.salentodolcevita.com\\\/blog\\\/en\\\/salento-a-winter-tale\\\/#primaryimage\"},\"thumbnailUrl\":\"https:\\\/\\\/www.salentodolcevita.com\\\/blog\\\/wp-content\\\/uploads\\\/2016\\\/01\\\/Panni-stesi-a-Nardo-by-Lucilla-Cuman-Ph.jpg\",\"keywords\":[\"gallipoli\",\"hiver\",\"inverno\",\"landscape\",\"Lecce\",\"mer\",\"photography\",\"Pouilles\",\"puglia\",\"salento\",\"travel\",\"viaggio\",\"winter\"],\"articleSection\":[\"News\"],\"inLanguage\":\"fr-FR\"},{\"@type\":\"WebPage\",\"@id\":\"https:\\\/\\\/www.salentodolcevita.com\\\/blog\\\/en\\\/salento-a-winter-tale\\\/\",\"url\":\"https:\\\/\\\/www.salentodolcevita.com\\\/blog\\\/en\\\/salento-a-winter-tale\\\/\",\"name\":\"[:it]Impressioni d'Inverno nel Salento.[:en]Salento, a winter tale[:fr]Salento, un conte d'hiver[:] - Le Blog de SalentoDolceVita\",\"isPartOf\":{\"@id\":\"https:\\\/\\\/www.salentodolcevita.com\\\/blog\\\/it\\\/#website\"},\"primaryImageOfPage\":{\"@id\":\"https:\\\/\\\/www.salentodolcevita.com\\\/blog\\\/en\\\/salento-a-winter-tale\\\/#primaryimage\"},\"image\":{\"@id\":\"https:\\\/\\\/www.salentodolcevita.com\\\/blog\\\/en\\\/salento-a-winter-tale\\\/#primaryimage\"},\"thumbnailUrl\":\"https:\\\/\\\/www.salentodolcevita.com\\\/blog\\\/wp-content\\\/uploads\\\/2016\\\/01\\\/Panni-stesi-a-Nardo-by-Lucilla-Cuman-Ph.jpg\",\"datePublished\":\"2016-01-08T16:26:56+00:00\",\"dateModified\":\"2018-02-13T16:24:20+00:00\",\"breadcrumb\":{\"@id\":\"https:\\\/\\\/www.salentodolcevita.com\\\/blog\\\/en\\\/salento-a-winter-tale\\\/#breadcrumb\"},\"inLanguage\":\"fr-FR\",\"potentialAction\":[{\"@type\":\"ReadAction\",\"target\":[\"https:\\\/\\\/www.salentodolcevita.com\\\/blog\\\/en\\\/salento-a-winter-tale\\\/\"]}]},{\"@type\":\"ImageObject\",\"inLanguage\":\"fr-FR\",\"@id\":\"https:\\\/\\\/www.salentodolcevita.com\\\/blog\\\/en\\\/salento-a-winter-tale\\\/#primaryimage\",\"url\":\"https:\\\/\\\/www.salentodolcevita.com\\\/blog\\\/wp-content\\\/uploads\\\/2016\\\/01\\\/Panni-stesi-a-Nardo-by-Lucilla-Cuman-Ph.jpg\",\"contentUrl\":\"https:\\\/\\\/www.salentodolcevita.com\\\/blog\\\/wp-content\\\/uploads\\\/2016\\\/01\\\/Panni-stesi-a-Nardo-by-Lucilla-Cuman-Ph.jpg\",\"width\":1280,\"height\":857},{\"@type\":\"BreadcrumbList\",\"@id\":\"https:\\\/\\\/www.salentodolcevita.com\\\/blog\\\/en\\\/salento-a-winter-tale\\\/#breadcrumb\",\"itemListElement\":[{\"@type\":\"ListItem\",\"position\":1,\"name\":\"Home\",\"item\":\"https:\\\/\\\/www.salentodolcevita.com\\\/blog\\\/it\\\/\"},{\"@type\":\"ListItem\",\"position\":2,\"name\":\"Salento, a winter tale\"}]},{\"@type\":\"WebSite\",\"@id\":\"https:\\\/\\\/www.salentodolcevita.com\\\/blog\\\/it\\\/#website\",\"url\":\"https:\\\/\\\/www.salentodolcevita.com\\\/blog\\\/it\\\/\",\"name\":\"Le Blog de SalentoDolceVita\",\"description\":\"Le guide d\u00e9finitif de vos vacances dans le Salento\",\"publisher\":{\"@id\":\"https:\\\/\\\/www.salentodolcevita.com\\\/blog\\\/it\\\/#organization\"},\"potentialAction\":[{\"@type\":\"SearchAction\",\"target\":{\"@type\":\"EntryPoint\",\"urlTemplate\":\"https:\\\/\\\/www.salentodolcevita.com\\\/blog\\\/it\\\/?s={search_term_string}\"},\"query-input\":{\"@type\":\"PropertyValueSpecification\",\"valueRequired\":true,\"valueName\":\"search_term_string\"}}],\"inLanguage\":\"fr-FR\"},{\"@type\":\"Organization\",\"@id\":\"https:\\\/\\\/www.salentodolcevita.com\\\/blog\\\/it\\\/#organization\",\"name\":\"SalentoDolceVita\",\"url\":\"https:\\\/\\\/www.salentodolcevita.com\\\/blog\\\/it\\\/\",\"logo\":{\"@type\":\"ImageObject\",\"inLanguage\":\"fr-FR\",\"@id\":\"https:\\\/\\\/www.salentodolcevita.com\\\/blog\\\/it\\\/#\\\/schema\\\/logo\\\/image\\\/\",\"url\":\"https:\\\/\\\/www.salentodolcevita.com\\\/blog\\\/wp-content\\\/uploads\\\/2019\\\/01\\\/logo-rosso-su-bianco.jpg\",\"contentUrl\":\"https:\\\/\\\/www.salentodolcevita.com\\\/blog\\\/wp-content\\\/uploads\\\/2019\\\/01\\\/logo-rosso-su-bianco.jpg\",\"width\":171,\"height\":116,\"caption\":\"SalentoDolceVita\"},\"image\":{\"@id\":\"https:\\\/\\\/www.salentodolcevita.com\\\/blog\\\/it\\\/#\\\/schema\\\/logo\\\/image\\\/\"}},{\"@type\":\"Person\",\"@id\":\"https:\\\/\\\/www.salentodolcevita.com\\\/blog\\\/it\\\/#\\\/schema\\\/person\\\/afc29793311aac780f6f1b9f433ab86d\",\"name\":\"SalentoDolceVita\",\"image\":{\"@type\":\"ImageObject\",\"inLanguage\":\"fr-FR\",\"@id\":\"https:\\\/\\\/secure.gravatar.com\\\/avatar\\\/16f2d5f1946984b886d3ae797f38cdc22ba33791260f7916bea6e35df7f6c1c4?s=96&d=mm&r=g\",\"url\":\"https:\\\/\\\/secure.gravatar.com\\\/avatar\\\/16f2d5f1946984b886d3ae797f38cdc22ba33791260f7916bea6e35df7f6c1c4?s=96&d=mm&r=g\",\"contentUrl\":\"https:\\\/\\\/secure.gravatar.com\\\/avatar\\\/16f2d5f1946984b886d3ae797f38cdc22ba33791260f7916bea6e35df7f6c1c4?s=96&d=mm&r=g\",\"caption\":\"SalentoDolceVita\"}}]}<\/script>","yoast_head_json":{"title":"[:it]Impressioni d'Inverno nel Salento.[:en]Salento, a winter tale[:fr]Salento, un conte d'hiver[:] - Le Blog de SalentoDolceVita","robots":{"index":"index","follow":"follow","max-snippet":"max-snippet:-1","max-image-preview":"max-image-preview:large","max-video-preview":"max-video-preview:-1"},"canonical":"https:\/\/www.salentodolcevita.com\/blog\/en\/salento-a-winter-tale\/","og_locale":"fr_FR","og_type":"article","og_title":"[:it]Impressioni d'Inverno nel Salento.[:en]Salento, a winter tale[:fr]Salento, un conte d'hiver[:] - Le Blog de SalentoDolceVita","og_description":"Salento; il ne s&rsquo;agit pas seulement d&rsquo;une histoire d&rsquo;\u00e9t\u00e9. Les nombreux touristes qui sont venus pour c\u00e9l\u00e9brer le premier Nouvel An dans l&rsquo;Est, \u00e0 Otranto, sont bien conscients de \u00e7a. M\u00eame ceux qui ont vu le grand concert de Lecce le 31 D\u00e9cembre\u00a0le savent bien. M\u00eame ceux qui ont l&rsquo;intention de venir d\u00e9couvrir la chaleur des f\u00eates\u00a0du feu\u00a0aux\u00a0mois de Janvier, F\u00e9vrier et Mars connaissent le pouvoir attractif de cette terre&hellip;","og_url":"https:\/\/www.salentodolcevita.com\/blog\/en\/salento-a-winter-tale\/","og_site_name":"Le Blog de SalentoDolceVita","article_published_time":"2016-01-08T16:26:56+00:00","article_modified_time":"2018-02-13T16:24:20+00:00","og_image":[{"width":1280,"height":857,"url":"https:\/\/www.salentodolcevita.com\/blog\/wp-content\/uploads\/2016\/01\/Panni-stesi-a-Nardo-by-Lucilla-Cuman-Ph.jpg","type":"image\/jpeg"}],"author":"SalentoDolceVita","twitter_card":"summary_large_image","twitter_misc":{"\u00c9crit par":"SalentoDolceVita","Dur\u00e9e de lecture estim\u00e9e":"7 minutes"},"schema":{"@context":"https:\/\/schema.org","@graph":[{"@type":"Article","@id":"https:\/\/www.salentodolcevita.com\/blog\/en\/salento-a-winter-tale\/#article","isPartOf":{"@id":"https:\/\/www.salentodolcevita.com\/blog\/en\/salento-a-winter-tale\/"},"author":{"name":"SalentoDolceVita","@id":"https:\/\/www.salentodolcevita.com\/blog\/it\/#\/schema\/person\/afc29793311aac780f6f1b9f433ab86d"},"headline":"Salento, un conte d&rsquo;hiver","datePublished":"2016-01-08T16:26:56+00:00","dateModified":"2018-02-13T16:24:20+00:00","mainEntityOfPage":{"@id":"https:\/\/www.salentodolcevita.com\/blog\/en\/salento-a-winter-tale\/"},"wordCount":1519,"publisher":{"@id":"https:\/\/www.salentodolcevita.com\/blog\/it\/#organization"},"image":{"@id":"https:\/\/www.salentodolcevita.com\/blog\/en\/salento-a-winter-tale\/#primaryimage"},"thumbnailUrl":"https:\/\/www.salentodolcevita.com\/blog\/wp-content\/uploads\/2016\/01\/Panni-stesi-a-Nardo-by-Lucilla-Cuman-Ph.jpg","keywords":["gallipoli","hiver","inverno","landscape","Lecce","mer","photography","Pouilles","puglia","salento","travel","viaggio","winter"],"articleSection":["News"],"inLanguage":"fr-FR"},{"@type":"WebPage","@id":"https:\/\/www.salentodolcevita.com\/blog\/en\/salento-a-winter-tale\/","url":"https:\/\/www.salentodolcevita.com\/blog\/en\/salento-a-winter-tale\/","name":"[:it]Impressioni d'Inverno nel Salento.[:en]Salento, a winter tale[:fr]Salento, un conte d'hiver[:] - Le Blog de SalentoDolceVita","isPartOf":{"@id":"https:\/\/www.salentodolcevita.com\/blog\/it\/#website"},"primaryImageOfPage":{"@id":"https:\/\/www.salentodolcevita.com\/blog\/en\/salento-a-winter-tale\/#primaryimage"},"image":{"@id":"https:\/\/www.salentodolcevita.com\/blog\/en\/salento-a-winter-tale\/#primaryimage"},"thumbnailUrl":"https:\/\/www.salentodolcevita.com\/blog\/wp-content\/uploads\/2016\/01\/Panni-stesi-a-Nardo-by-Lucilla-Cuman-Ph.jpg","datePublished":"2016-01-08T16:26:56+00:00","dateModified":"2018-02-13T16:24:20+00:00","breadcrumb":{"@id":"https:\/\/www.salentodolcevita.com\/blog\/en\/salento-a-winter-tale\/#breadcrumb"},"inLanguage":"fr-FR","potentialAction":[{"@type":"ReadAction","target":["https:\/\/www.salentodolcevita.com\/blog\/en\/salento-a-winter-tale\/"]}]},{"@type":"ImageObject","inLanguage":"fr-FR","@id":"https:\/\/www.salentodolcevita.com\/blog\/en\/salento-a-winter-tale\/#primaryimage","url":"https:\/\/www.salentodolcevita.com\/blog\/wp-content\/uploads\/2016\/01\/Panni-stesi-a-Nardo-by-Lucilla-Cuman-Ph.jpg","contentUrl":"https:\/\/www.salentodolcevita.com\/blog\/wp-content\/uploads\/2016\/01\/Panni-stesi-a-Nardo-by-Lucilla-Cuman-Ph.jpg","width":1280,"height":857},{"@type":"BreadcrumbList","@id":"https:\/\/www.salentodolcevita.com\/blog\/en\/salento-a-winter-tale\/#breadcrumb","itemListElement":[{"@type":"ListItem","position":1,"name":"Home","item":"https:\/\/www.salentodolcevita.com\/blog\/it\/"},{"@type":"ListItem","position":2,"name":"Salento, a winter tale"}]},{"@type":"WebSite","@id":"https:\/\/www.salentodolcevita.com\/blog\/it\/#website","url":"https:\/\/www.salentodolcevita.com\/blog\/it\/","name":"Le Blog de SalentoDolceVita","description":"Le guide d\u00e9finitif de vos vacances dans le Salento","publisher":{"@id":"https:\/\/www.salentodolcevita.com\/blog\/it\/#organization"},"potentialAction":[{"@type":"SearchAction","target":{"@type":"EntryPoint","urlTemplate":"https:\/\/www.salentodolcevita.com\/blog\/it\/?s={search_term_string}"},"query-input":{"@type":"PropertyValueSpecification","valueRequired":true,"valueName":"search_term_string"}}],"inLanguage":"fr-FR"},{"@type":"Organization","@id":"https:\/\/www.salentodolcevita.com\/blog\/it\/#organization","name":"SalentoDolceVita","url":"https:\/\/www.salentodolcevita.com\/blog\/it\/","logo":{"@type":"ImageObject","inLanguage":"fr-FR","@id":"https:\/\/www.salentodolcevita.com\/blog\/it\/#\/schema\/logo\/image\/","url":"https:\/\/www.salentodolcevita.com\/blog\/wp-content\/uploads\/2019\/01\/logo-rosso-su-bianco.jpg","contentUrl":"https:\/\/www.salentodolcevita.com\/blog\/wp-content\/uploads\/2019\/01\/logo-rosso-su-bianco.jpg","width":171,"height":116,"caption":"SalentoDolceVita"},"image":{"@id":"https:\/\/www.salentodolcevita.com\/blog\/it\/#\/schema\/logo\/image\/"}},{"@type":"Person","@id":"https:\/\/www.salentodolcevita.com\/blog\/it\/#\/schema\/person\/afc29793311aac780f6f1b9f433ab86d","name":"SalentoDolceVita","image":{"@type":"ImageObject","inLanguage":"fr-FR","@id":"https:\/\/secure.gravatar.com\/avatar\/16f2d5f1946984b886d3ae797f38cdc22ba33791260f7916bea6e35df7f6c1c4?s=96&d=mm&r=g","url":"https:\/\/secure.gravatar.com\/avatar\/16f2d5f1946984b886d3ae797f38cdc22ba33791260f7916bea6e35df7f6c1c4?s=96&d=mm&r=g","contentUrl":"https:\/\/secure.gravatar.com\/avatar\/16f2d5f1946984b886d3ae797f38cdc22ba33791260f7916bea6e35df7f6c1c4?s=96&d=mm&r=g","caption":"SalentoDolceVita"}}]}},"_links":{"self":[{"href":"https:\/\/www.salentodolcevita.com\/blog\/fr\/wp-json\/wp\/v2\/posts\/574","targetHints":{"allow":["GET"]}}],"collection":[{"href":"https:\/\/www.salentodolcevita.com\/blog\/fr\/wp-json\/wp\/v2\/posts"}],"about":[{"href":"https:\/\/www.salentodolcevita.com\/blog\/fr\/wp-json\/wp\/v2\/types\/post"}],"author":[{"embeddable":true,"href":"https:\/\/www.salentodolcevita.com\/blog\/fr\/wp-json\/wp\/v2\/users\/1"}],"replies":[{"embeddable":true,"href":"https:\/\/www.salentodolcevita.com\/blog\/fr\/wp-json\/wp\/v2\/comments?post=574"}],"version-history":[{"count":1,"href":"https:\/\/www.salentodolcevita.com\/blog\/fr\/wp-json\/wp\/v2\/posts\/574\/revisions"}],"predecessor-version":[{"id":2240,"href":"https:\/\/www.salentodolcevita.com\/blog\/fr\/wp-json\/wp\/v2\/posts\/574\/revisions\/2240"}],"wp:featuredmedia":[{"embeddable":true,"href":"https:\/\/www.salentodolcevita.com\/blog\/fr\/wp-json\/wp\/v2\/media\/575"}],"wp:attachment":[{"href":"https:\/\/www.salentodolcevita.com\/blog\/fr\/wp-json\/wp\/v2\/media?parent=574"}],"wp:term":[{"taxonomy":"category","embeddable":true,"href":"https:\/\/www.salentodolcevita.com\/blog\/fr\/wp-json\/wp\/v2\/categories?post=574"},{"taxonomy":"post_tag","embeddable":true,"href":"https:\/\/www.salentodolcevita.com\/blog\/fr\/wp-json\/wp\/v2\/tags?post=574"}],"curies":[{"name":"wp","href":"https:\/\/api.w.org\/{rel}","templated":true}]}}