{"id":2470,"date":"2018-07-16T18:04:37","date_gmt":"2018-07-16T16:04:37","guid":{"rendered":"https:\/\/www.salentodolcevita.com\/blog\/it\/?p=2470"},"modified":"2019-07-15T11:45:45","modified_gmt":"2019-07-15T09:45:45","slug":"pareti-a-vetro-elementi-di-design-luce-naturale-e-schermo-sul-mondo","status":"publish","type":"post","link":"https:\/\/www.salentodolcevita.com\/blog\/it\/pareti-a-vetro-elementi-di-design-luce-naturale-e-schermo-sul-mondo\/","title":{"rendered":"Pareti a vetro: elementi di design, luce naturale e schermo sul mondo"},"content":{"rendered":"<p>Pareti a vetro: non sono solo un modo per fare entrare luce ma anche una scelta di design che porta l\u2019ambiente esterno all\u2019interno, lo rende parte dell\u2019arredo e dell\u2019universo emotivo di chi abita gli spazi.<\/p>\n<p>Le pareti a vetro sono una scelta che alleggerisce gli interior, sono un modo per fare un benefico pieno di luce e possono garantire un filo di coerenza estetica tra interni ed esterni.<\/p>\n<p>Sono inoltre una integrazione tra accessi agli spazi e pareti.<\/p>\n<h3 style=\"text-align: center;\"><a href=\"https:\/\/www.salentodolcevita.com\/blog\/it\/stile-nordico-e-hygge-in-riva-al-mare-3-ville-del-salento-e-il-fascino-delle-contraddizioni\/\" target=\"_blank\" rel=\"noopener noreferrer\">Leggi anche &#8220;Stile nordico e \u201cHygge\u201d\u2026 in riva al mare&#8221;:<\/a><\/h3>\n<p><img loading=\"lazy\" decoding=\"async\" class=\"aligncenter size-large wp-image-1591\" src=\"https:\/\/www.salentodolcevita.com\/blog\/wp-content\/uploads\/2017\/04\/villa-mias-1024x475.jpg\" alt=\"hygge e total white meditarraneo\" width=\"660\" height=\"306\" srcset=\"https:\/\/www.salentodolcevita.com\/blog\/wp-content\/uploads\/2017\/04\/villa-mias-1024x475.jpg 1024w, https:\/\/www.salentodolcevita.com\/blog\/wp-content\/uploads\/2017\/04\/villa-mias-800x370.jpg 800w, https:\/\/www.salentodolcevita.com\/blog\/wp-content\/uploads\/2017\/04\/villa-mias-300x139.jpg 300w, https:\/\/www.salentodolcevita.com\/blog\/wp-content\/uploads\/2017\/04\/villa-mias-768x356.jpg 768w, https:\/\/www.salentodolcevita.com\/blog\/wp-content\/uploads\/2017\/04\/villa-mias.jpg 1180w\" sizes=\"auto, (max-width: 660px) 100vw, 660px\" \/><\/p>\n<p>&nbsp;<\/p>\n<p>Eppure utilizzare le pareti a vetro \u00e8 una scelta meno semplice di come appare e solo i pi\u00f9 esperti architetti riescono a creare spazi vetrati che danno un reale forte valore aggiunto e unicit\u00e0 ad una casa.<\/p>\n<p>Per optare per una scelta architettonica simile \u00e8 indispensabile un preliminare studio degli esterni e una pianificazione dei loro possibili sviluppi nel tempo, perch\u00e9 la parete di fatto trasparente lascia entrare l\u2019impatto visivo esterno che deve dunque essere sempre gradevole e armonico per tutto l\u2019anno e possibilmente anche con il passare degli anni.<\/p>\n<p>Con una parete a vetro, \u201clasciare il mondo fuori\u201d \u00e8 praticamente impossibile.<\/p>\n<figure id=\"attachment_2472\" aria-describedby=\"caption-attachment-2472\" style=\"width: 980px\" class=\"wp-caption aligncenter\"><img loading=\"lazy\" decoding=\"async\" class=\"size-full wp-image-2472\" src=\"https:\/\/www.salentodolcevita.com\/blog\/wp-content\/uploads\/2018\/07\/VIlla-Petra_parete-vetro_salento.jpg\" alt=\"Villa Petra_pareti vetro\" width=\"980\" height=\"680\" srcset=\"https:\/\/www.salentodolcevita.com\/blog\/wp-content\/uploads\/2018\/07\/VIlla-Petra_parete-vetro_salento.jpg 980w, https:\/\/www.salentodolcevita.com\/blog\/wp-content\/uploads\/2018\/07\/VIlla-Petra_parete-vetro_salento-300x208.jpg 300w, https:\/\/www.salentodolcevita.com\/blog\/wp-content\/uploads\/2018\/07\/VIlla-Petra_parete-vetro_salento-768x533.jpg 768w\" sizes=\"auto, (max-width: 980px) 100vw, 980px\" \/><figcaption id=\"caption-attachment-2472\" class=\"wp-caption-text\">Villa Petra, booking@salentodolcevita.com<\/figcaption><\/figure>\n<p>Nello splendido scenario di Santa Maria di Leuca, vicino al villaggio di San Gregorio, su una collina che domina la baia di &#8220;Felloniche&#8221; con\u00a0vista mozzafiato\u00a0su una distesa di ulivi fino al mare, questa bellissima\u00a0villa con piscina\u00a0trova proprio nelle sue moderne vetrate la peculiarit\u00e0 vincente.<\/p>\n<figure id=\"attachment_1080\" aria-describedby=\"caption-attachment-1080\" style=\"width: 660px\" class=\"wp-caption aligncenter\"><img loading=\"lazy\" decoding=\"async\" class=\"size-large wp-image-1080\" src=\"https:\/\/www.salentodolcevita.com\/blog\/wp-content\/uploads\/2016\/07\/villa-petra-interior-santa-maria-di-laeuca-1024x630.jpg\" alt=\"Villa Petra, booking@salentodolcevita.com\" width=\"660\" height=\"406\" srcset=\"https:\/\/www.salentodolcevita.com\/blog\/wp-content\/uploads\/2016\/07\/villa-petra-interior-santa-maria-di-laeuca-1024x630.jpg 1024w, https:\/\/www.salentodolcevita.com\/blog\/wp-content\/uploads\/2016\/07\/villa-petra-interior-santa-maria-di-laeuca-300x184.jpg 300w, https:\/\/www.salentodolcevita.com\/blog\/wp-content\/uploads\/2016\/07\/villa-petra-interior-santa-maria-di-laeuca-768x472.jpg 768w, https:\/\/www.salentodolcevita.com\/blog\/wp-content\/uploads\/2016\/07\/villa-petra-interior-santa-maria-di-laeuca.jpg 1106w\" sizes=\"auto, (max-width: 660px) 100vw, 660px\" \/><figcaption id=\"caption-attachment-1080\" class=\"wp-caption-text\">Villa Petra, booking@salentodolcevita.com<\/figcaption><\/figure>\n<p>I vetri abbracciano un chiostro interno che custodisce un ulivo secolare, che si integra perfettamente agli interior con mobili balinesi e pezzi di arte.<\/p>\n<p>A loro volta gli interni sposano gli esterni sui quali si affacciano, lasciando godere il panorama mozzafiato in tutte le sue sfumature quotidiane e nei lenti passaggi stagionali.<\/p>\n<h3><strong>Quando la parete \u00e8 il mare<\/strong><\/h3>\n<p><a href=\"https:\/\/www.salentodolcevita.com\/it\/vacanze\/appartamento-vista-mare\/marittima-di-diso\/464-villa-conchiglia\" target=\"_blank\" rel=\"noopener noreferrer\"><span style=\"text-decoration: underline;\">Villa Conchiglia<\/span><\/a> invece gioca la sua carta vincente nel suo accesso diretto al mare e, consapevole di questo asso nella manica, lo ricorda fin dai primi minuti dopo il tuo risveglio, in cui un\u2019intera parete vetrata dimostra quanto esso \u00e8 vicino, quasi a poterlo toccare; questa scelta aumenta un senso di appartenenza all\u2019elemento paesaggistico predominante nel terrazzamento su cui sorge questa meravigliosa villa.<\/p>\n<figure id=\"attachment_1629\" aria-describedby=\"caption-attachment-1629\" style=\"width: 788px\" class=\"wp-caption aligncenter\"><img loading=\"lazy\" decoding=\"async\" class=\"size-full wp-image-1629\" src=\"https:\/\/www.salentodolcevita.com\/blog\/wp-content\/uploads\/2017\/04\/immobile_20174618443.jpg\" alt=\"\" width=\"788\" height=\"680\" srcset=\"https:\/\/www.salentodolcevita.com\/blog\/wp-content\/uploads\/2017\/04\/immobile_20174618443.jpg 788w, https:\/\/www.salentodolcevita.com\/blog\/wp-content\/uploads\/2017\/04\/immobile_20174618443-300x259.jpg 300w, https:\/\/www.salentodolcevita.com\/blog\/wp-content\/uploads\/2017\/04\/immobile_20174618443-768x663.jpg 768w\" sizes=\"auto, (max-width: 788px) 100vw, 788px\" \/><figcaption id=\"caption-attachment-1629\" class=\"wp-caption-text\">Stanza vista mare Villa Conchiglia &#8211; booking@salentodolcevita.com<\/figcaption><\/figure>\n<p>Il verde e il chiarore dei muretti a secco servono da sapiente mediazione nei giorni in cui il mare \u00e8 mosso, permettendo al mare di trasmettere solo in parte i suoi moti, e restituirli agli ospiti della villa attenuati, trasformati in brezza salmastra e possibilit\u00e0 di relax.<\/p>\n<h3 style=\"text-align: center;\"><a href=\"https:\/\/www.salentodolcevita.com\/blog\/it\/4-case-con-accesso-diretto-al-mare-del-salento\/\" target=\"_blank\" rel=\"noopener noreferrer\">Scopri le pi\u00f9 belle case con accesso diretto al mare del Salento.\u00a0<\/a><\/h3>\n<p><\/p>","protected":false},"excerpt":{"rendered":"<p>Pareti a vetro: non sono solo un modo per fare entrare luce ma anche una scelta di design che porta l\u2019ambiente esterno all\u2019interno, lo rende parte dell\u2019arredo e dell\u2019universo emotivo di chi abita gli spazi. Le pareti a vetro sono una scelta che alleggerisce gli interior, sono un modo per fare un benefico pieno di luce e possono garantire un filo di coerenza estetica tra interni ed esterni. Sono inoltre&hellip;<\/p>\n","protected":false},"author":1,"featured_media":2472,"comment_status":"closed","ping_status":"closed","sticky":false,"template":"","format":"standard","meta":{"footnotes":""},"categories":[5],"tags":[770,113,771,291,767,653,768,769],"class_list":["post-2470","post","type-post","status-publish","format-standard","has-post-thumbnail","hentry","category-news","tag-affitto-salento","tag-casa-al-mare","tag-glass-wall","tag-interior","tag-pareti-a-vetro","tag-villa","tag-villa-in-salento","tag-vistamare"],"yoast_head":"<title>Pareti a vetro: elementi di design, luce naturale e schermo sul mondo - Il Blog di SalentoDolceVita<\/title>\n<meta name=\"robots\" content=\"index, follow, max-snippet:-1, max-image-preview:large, max-video-preview:-1\" \/>\n<link rel=\"canonical\" href=\"https:\/\/www.salentodolcevita.com\/blog\/en\/glass-walls-design-elements-natural-light-and-screen-on-the-world\/\" \/>\n<meta property=\"og:locale\" content=\"it_IT\" \/>\n<meta property=\"og:type\" content=\"article\" \/>\n<meta property=\"og:title\" content=\"[:it]Pareti a vetro: elementi di design, luce naturale e schermo sul mondo[:en]Glass walls: design elements, natural light and screen on the world[:fr]Murs de verre: \u00e9l\u00e9ments de design, lumi\u00e8re naturelle et \u00e9cran sur le monde[:] - Il Blog di SalentoDolceVita\" \/>\n<meta property=\"og:description\" content=\"Pareti a vetro: non sono solo un modo per fare entrare luce ma anche una scelta di design che porta l\u2019ambiente esterno all\u2019interno, lo rende parte dell\u2019arredo e dell\u2019universo emotivo di chi abita gli spazi. Le pareti a vetro sono una scelta che alleggerisce gli interior, sono un modo per fare un benefico pieno di luce e possono garantire un filo di coerenza estetica tra interni ed esterni. Sono inoltre&hellip;\" \/>\n<meta property=\"og:url\" content=\"https:\/\/www.salentodolcevita.com\/blog\/en\/glass-walls-design-elements-natural-light-and-screen-on-the-world\/\" \/>\n<meta property=\"og:site_name\" content=\"Il Blog di SalentoDolceVita\" \/>\n<meta property=\"article:published_time\" content=\"2018-07-16T16:04:37+00:00\" \/>\n<meta property=\"article:modified_time\" content=\"2019-07-15T09:45:45+00:00\" \/>\n<meta property=\"og:image\" content=\"https:\/\/www.salentodolcevita.com\/blog\/wp-content\/uploads\/2018\/07\/VIlla-Petra_parete-vetro_salento.jpg\" \/>\n\t<meta property=\"og:image:width\" content=\"980\" \/>\n\t<meta property=\"og:image:height\" content=\"680\" \/>\n\t<meta property=\"og:image:type\" content=\"image\/jpeg\" \/>\n<meta name=\"author\" content=\"SalentoDolceVita\" \/>\n<meta name=\"twitter:card\" content=\"summary_large_image\" \/>\n<meta name=\"twitter:label1\" content=\"Scritto da\" \/>\n\t<meta name=\"twitter:data1\" content=\"SalentoDolceVita\" \/>\n\t<meta name=\"twitter:label2\" content=\"Tempo di lettura stimato\" \/>\n\t<meta name=\"twitter:data2\" content=\"7 minuti\" \/>\n<script type=\"application\/ld+json\" class=\"yoast-schema-graph\">{\"@context\":\"https:\\\/\\\/schema.org\",\"@graph\":[{\"@type\":\"Article\",\"@id\":\"https:\\\/\\\/www.salentodolcevita.com\\\/blog\\\/en\\\/glass-walls-design-elements-natural-light-and-screen-on-the-world\\\/#article\",\"isPartOf\":{\"@id\":\"https:\\\/\\\/www.salentodolcevita.com\\\/blog\\\/en\\\/glass-walls-design-elements-natural-light-and-screen-on-the-world\\\/\"},\"author\":{\"name\":\"SalentoDolceVita\",\"@id\":\"https:\\\/\\\/www.salentodolcevita.com\\\/blog\\\/it\\\/#\\\/schema\\\/person\\\/afc29793311aac780f6f1b9f433ab86d\"},\"headline\":\"Pareti a vetro: elementi di design, luce naturale e schermo sul mondo\",\"datePublished\":\"2018-07-16T16:04:37+00:00\",\"dateModified\":\"2019-07-15T09:45:45+00:00\",\"mainEntityOfPage\":{\"@id\":\"https:\\\/\\\/www.salentodolcevita.com\\\/blog\\\/en\\\/glass-walls-design-elements-natural-light-and-screen-on-the-world\\\/\"},\"wordCount\":1468,\"publisher\":{\"@id\":\"https:\\\/\\\/www.salentodolcevita.com\\\/blog\\\/it\\\/#organization\"},\"image\":{\"@id\":\"https:\\\/\\\/www.salentodolcevita.com\\\/blog\\\/en\\\/glass-walls-design-elements-natural-light-and-screen-on-the-world\\\/#primaryimage\"},\"thumbnailUrl\":\"https:\\\/\\\/www.salentodolcevita.com\\\/blog\\\/wp-content\\\/uploads\\\/2018\\\/07\\\/VIlla-Petra_parete-vetro_salento.jpg\",\"keywords\":[\"affitto salento\",\"casa al mare\",\"glass wall\",\"interior\",\"pareti a vetro\",\"villa\",\"villa in salento\",\"vistamare\"],\"articleSection\":[\"News\"],\"inLanguage\":\"it-IT\"},{\"@type\":\"WebPage\",\"@id\":\"https:\\\/\\\/www.salentodolcevita.com\\\/blog\\\/en\\\/glass-walls-design-elements-natural-light-and-screen-on-the-world\\\/\",\"url\":\"https:\\\/\\\/www.salentodolcevita.com\\\/blog\\\/en\\\/glass-walls-design-elements-natural-light-and-screen-on-the-world\\\/\",\"name\":\"[:it]Pareti a vetro: elementi di design, luce naturale e schermo sul mondo[:en]Glass walls: design elements, natural light and screen on the world[:fr]Murs de verre: \u00e9l\u00e9ments de design, lumi\u00e8re naturelle et \u00e9cran sur le monde[:] - Il Blog di SalentoDolceVita\",\"isPartOf\":{\"@id\":\"https:\\\/\\\/www.salentodolcevita.com\\\/blog\\\/it\\\/#website\"},\"primaryImageOfPage\":{\"@id\":\"https:\\\/\\\/www.salentodolcevita.com\\\/blog\\\/en\\\/glass-walls-design-elements-natural-light-and-screen-on-the-world\\\/#primaryimage\"},\"image\":{\"@id\":\"https:\\\/\\\/www.salentodolcevita.com\\\/blog\\\/en\\\/glass-walls-design-elements-natural-light-and-screen-on-the-world\\\/#primaryimage\"},\"thumbnailUrl\":\"https:\\\/\\\/www.salentodolcevita.com\\\/blog\\\/wp-content\\\/uploads\\\/2018\\\/07\\\/VIlla-Petra_parete-vetro_salento.jpg\",\"datePublished\":\"2018-07-16T16:04:37+00:00\",\"dateModified\":\"2019-07-15T09:45:45+00:00\",\"breadcrumb\":{\"@id\":\"https:\\\/\\\/www.salentodolcevita.com\\\/blog\\\/en\\\/glass-walls-design-elements-natural-light-and-screen-on-the-world\\\/#breadcrumb\"},\"inLanguage\":\"it-IT\",\"potentialAction\":[{\"@type\":\"ReadAction\",\"target\":[\"https:\\\/\\\/www.salentodolcevita.com\\\/blog\\\/en\\\/glass-walls-design-elements-natural-light-and-screen-on-the-world\\\/\"]}]},{\"@type\":\"ImageObject\",\"inLanguage\":\"it-IT\",\"@id\":\"https:\\\/\\\/www.salentodolcevita.com\\\/blog\\\/en\\\/glass-walls-design-elements-natural-light-and-screen-on-the-world\\\/#primaryimage\",\"url\":\"https:\\\/\\\/www.salentodolcevita.com\\\/blog\\\/wp-content\\\/uploads\\\/2018\\\/07\\\/VIlla-Petra_parete-vetro_salento.jpg\",\"contentUrl\":\"https:\\\/\\\/www.salentodolcevita.com\\\/blog\\\/wp-content\\\/uploads\\\/2018\\\/07\\\/VIlla-Petra_parete-vetro_salento.jpg\",\"width\":980,\"height\":680,\"caption\":\"Villa Petra, booking@salentodolcevita.com\"},{\"@type\":\"BreadcrumbList\",\"@id\":\"https:\\\/\\\/www.salentodolcevita.com\\\/blog\\\/en\\\/glass-walls-design-elements-natural-light-and-screen-on-the-world\\\/#breadcrumb\",\"itemListElement\":[{\"@type\":\"ListItem\",\"position\":1,\"name\":\"Home\",\"item\":\"https:\\\/\\\/www.salentodolcevita.com\\\/blog\\\/it\\\/\"},{\"@type\":\"ListItem\",\"position\":2,\"name\":\"Glass walls: design elements, natural light and screen on the world\"}]},{\"@type\":\"WebSite\",\"@id\":\"https:\\\/\\\/www.salentodolcevita.com\\\/blog\\\/it\\\/#website\",\"url\":\"https:\\\/\\\/www.salentodolcevita.com\\\/blog\\\/it\\\/\",\"name\":\"Il Blog di SalentoDolceVita\",\"description\":\"La Guida Definitiva alle tue Vacanze in Salento\",\"publisher\":{\"@id\":\"https:\\\/\\\/www.salentodolcevita.com\\\/blog\\\/it\\\/#organization\"},\"potentialAction\":[{\"@type\":\"SearchAction\",\"target\":{\"@type\":\"EntryPoint\",\"urlTemplate\":\"https:\\\/\\\/www.salentodolcevita.com\\\/blog\\\/it\\\/?s={search_term_string}\"},\"query-input\":{\"@type\":\"PropertyValueSpecification\",\"valueRequired\":true,\"valueName\":\"search_term_string\"}}],\"inLanguage\":\"it-IT\"},{\"@type\":\"Organization\",\"@id\":\"https:\\\/\\\/www.salentodolcevita.com\\\/blog\\\/it\\\/#organization\",\"name\":\"SalentoDolceVita\",\"url\":\"https:\\\/\\\/www.salentodolcevita.com\\\/blog\\\/it\\\/\",\"logo\":{\"@type\":\"ImageObject\",\"inLanguage\":\"it-IT\",\"@id\":\"https:\\\/\\\/www.salentodolcevita.com\\\/blog\\\/it\\\/#\\\/schema\\\/logo\\\/image\\\/\",\"url\":\"https:\\\/\\\/www.salentodolcevita.com\\\/blog\\\/wp-content\\\/uploads\\\/2019\\\/01\\\/logo-rosso-su-bianco.jpg\",\"contentUrl\":\"https:\\\/\\\/www.salentodolcevita.com\\\/blog\\\/wp-content\\\/uploads\\\/2019\\\/01\\\/logo-rosso-su-bianco.jpg\",\"width\":171,\"height\":116,\"caption\":\"SalentoDolceVita\"},\"image\":{\"@id\":\"https:\\\/\\\/www.salentodolcevita.com\\\/blog\\\/it\\\/#\\\/schema\\\/logo\\\/image\\\/\"}},{\"@type\":\"Person\",\"@id\":\"https:\\\/\\\/www.salentodolcevita.com\\\/blog\\\/it\\\/#\\\/schema\\\/person\\\/afc29793311aac780f6f1b9f433ab86d\",\"name\":\"SalentoDolceVita\",\"image\":{\"@type\":\"ImageObject\",\"inLanguage\":\"it-IT\",\"@id\":\"https:\\\/\\\/secure.gravatar.com\\\/avatar\\\/16f2d5f1946984b886d3ae797f38cdc22ba33791260f7916bea6e35df7f6c1c4?s=96&d=mm&r=g\",\"url\":\"https:\\\/\\\/secure.gravatar.com\\\/avatar\\\/16f2d5f1946984b886d3ae797f38cdc22ba33791260f7916bea6e35df7f6c1c4?s=96&d=mm&r=g\",\"contentUrl\":\"https:\\\/\\\/secure.gravatar.com\\\/avatar\\\/16f2d5f1946984b886d3ae797f38cdc22ba33791260f7916bea6e35df7f6c1c4?s=96&d=mm&r=g\",\"caption\":\"SalentoDolceVita\"}}]}<\/script>","yoast_head_json":{"title":"[:it]Pareti a vetro: elementi di design, luce naturale e schermo sul mondo[:en]Glass walls: design elements, natural light and screen on the world[:fr]Murs de verre: \u00e9l\u00e9ments de design, lumi\u00e8re naturelle et \u00e9cran sur le monde[:] - Il Blog di SalentoDolceVita","robots":{"index":"index","follow":"follow","max-snippet":"max-snippet:-1","max-image-preview":"max-image-preview:large","max-video-preview":"max-video-preview:-1"},"canonical":"https:\/\/www.salentodolcevita.com\/blog\/en\/glass-walls-design-elements-natural-light-and-screen-on-the-world\/","og_locale":"it_IT","og_type":"article","og_title":"[:it]Pareti a vetro: elementi di design, luce naturale e schermo sul mondo[:en]Glass walls: design elements, natural light and screen on the world[:fr]Murs de verre: \u00e9l\u00e9ments de design, lumi\u00e8re naturelle et \u00e9cran sur le monde[:] - Il Blog di SalentoDolceVita","og_description":"Pareti a vetro: non sono solo un modo per fare entrare luce ma anche una scelta di design che porta l\u2019ambiente esterno all\u2019interno, lo rende parte dell\u2019arredo e dell\u2019universo emotivo di chi abita gli spazi. Le pareti a vetro sono una scelta che alleggerisce gli interior, sono un modo per fare un benefico pieno di luce e possono garantire un filo di coerenza estetica tra interni ed esterni. Sono inoltre&hellip;","og_url":"https:\/\/www.salentodolcevita.com\/blog\/en\/glass-walls-design-elements-natural-light-and-screen-on-the-world\/","og_site_name":"Il Blog di SalentoDolceVita","article_published_time":"2018-07-16T16:04:37+00:00","article_modified_time":"2019-07-15T09:45:45+00:00","og_image":[{"width":980,"height":680,"url":"https:\/\/www.salentodolcevita.com\/blog\/wp-content\/uploads\/2018\/07\/VIlla-Petra_parete-vetro_salento.jpg","type":"image\/jpeg"}],"author":"SalentoDolceVita","twitter_card":"summary_large_image","twitter_misc":{"Scritto da":"SalentoDolceVita","Tempo di lettura stimato":"7 minuti"},"schema":{"@context":"https:\/\/schema.org","@graph":[{"@type":"Article","@id":"https:\/\/www.salentodolcevita.com\/blog\/en\/glass-walls-design-elements-natural-light-and-screen-on-the-world\/#article","isPartOf":{"@id":"https:\/\/www.salentodolcevita.com\/blog\/en\/glass-walls-design-elements-natural-light-and-screen-on-the-world\/"},"author":{"name":"SalentoDolceVita","@id":"https:\/\/www.salentodolcevita.com\/blog\/it\/#\/schema\/person\/afc29793311aac780f6f1b9f433ab86d"},"headline":"Pareti a vetro: elementi di design, luce naturale e schermo sul mondo","datePublished":"2018-07-16T16:04:37+00:00","dateModified":"2019-07-15T09:45:45+00:00","mainEntityOfPage":{"@id":"https:\/\/www.salentodolcevita.com\/blog\/en\/glass-walls-design-elements-natural-light-and-screen-on-the-world\/"},"wordCount":1468,"publisher":{"@id":"https:\/\/www.salentodolcevita.com\/blog\/it\/#organization"},"image":{"@id":"https:\/\/www.salentodolcevita.com\/blog\/en\/glass-walls-design-elements-natural-light-and-screen-on-the-world\/#primaryimage"},"thumbnailUrl":"https:\/\/www.salentodolcevita.com\/blog\/wp-content\/uploads\/2018\/07\/VIlla-Petra_parete-vetro_salento.jpg","keywords":["affitto salento","casa al mare","glass wall","interior","pareti a vetro","villa","villa in salento","vistamare"],"articleSection":["News"],"inLanguage":"it-IT"},{"@type":"WebPage","@id":"https:\/\/www.salentodolcevita.com\/blog\/en\/glass-walls-design-elements-natural-light-and-screen-on-the-world\/","url":"https:\/\/www.salentodolcevita.com\/blog\/en\/glass-walls-design-elements-natural-light-and-screen-on-the-world\/","name":"[:it]Pareti a vetro: elementi di design, luce naturale e schermo sul mondo[:en]Glass walls: design elements, natural light and screen on the world[:fr]Murs de verre: \u00e9l\u00e9ments de design, lumi\u00e8re naturelle et \u00e9cran sur le monde[:] - Il Blog di SalentoDolceVita","isPartOf":{"@id":"https:\/\/www.salentodolcevita.com\/blog\/it\/#website"},"primaryImageOfPage":{"@id":"https:\/\/www.salentodolcevita.com\/blog\/en\/glass-walls-design-elements-natural-light-and-screen-on-the-world\/#primaryimage"},"image":{"@id":"https:\/\/www.salentodolcevita.com\/blog\/en\/glass-walls-design-elements-natural-light-and-screen-on-the-world\/#primaryimage"},"thumbnailUrl":"https:\/\/www.salentodolcevita.com\/blog\/wp-content\/uploads\/2018\/07\/VIlla-Petra_parete-vetro_salento.jpg","datePublished":"2018-07-16T16:04:37+00:00","dateModified":"2019-07-15T09:45:45+00:00","breadcrumb":{"@id":"https:\/\/www.salentodolcevita.com\/blog\/en\/glass-walls-design-elements-natural-light-and-screen-on-the-world\/#breadcrumb"},"inLanguage":"it-IT","potentialAction":[{"@type":"ReadAction","target":["https:\/\/www.salentodolcevita.com\/blog\/en\/glass-walls-design-elements-natural-light-and-screen-on-the-world\/"]}]},{"@type":"ImageObject","inLanguage":"it-IT","@id":"https:\/\/www.salentodolcevita.com\/blog\/en\/glass-walls-design-elements-natural-light-and-screen-on-the-world\/#primaryimage","url":"https:\/\/www.salentodolcevita.com\/blog\/wp-content\/uploads\/2018\/07\/VIlla-Petra_parete-vetro_salento.jpg","contentUrl":"https:\/\/www.salentodolcevita.com\/blog\/wp-content\/uploads\/2018\/07\/VIlla-Petra_parete-vetro_salento.jpg","width":980,"height":680,"caption":"Villa Petra, booking@salentodolcevita.com"},{"@type":"BreadcrumbList","@id":"https:\/\/www.salentodolcevita.com\/blog\/en\/glass-walls-design-elements-natural-light-and-screen-on-the-world\/#breadcrumb","itemListElement":[{"@type":"ListItem","position":1,"name":"Home","item":"https:\/\/www.salentodolcevita.com\/blog\/it\/"},{"@type":"ListItem","position":2,"name":"Glass walls: design elements, natural light and screen on the world"}]},{"@type":"WebSite","@id":"https:\/\/www.salentodolcevita.com\/blog\/it\/#website","url":"https:\/\/www.salentodolcevita.com\/blog\/it\/","name":"Il Blog di SalentoDolceVita","description":"La Guida Definitiva alle tue Vacanze in Salento","publisher":{"@id":"https:\/\/www.salentodolcevita.com\/blog\/it\/#organization"},"potentialAction":[{"@type":"SearchAction","target":{"@type":"EntryPoint","urlTemplate":"https:\/\/www.salentodolcevita.com\/blog\/it\/?s={search_term_string}"},"query-input":{"@type":"PropertyValueSpecification","valueRequired":true,"valueName":"search_term_string"}}],"inLanguage":"it-IT"},{"@type":"Organization","@id":"https:\/\/www.salentodolcevita.com\/blog\/it\/#organization","name":"SalentoDolceVita","url":"https:\/\/www.salentodolcevita.com\/blog\/it\/","logo":{"@type":"ImageObject","inLanguage":"it-IT","@id":"https:\/\/www.salentodolcevita.com\/blog\/it\/#\/schema\/logo\/image\/","url":"https:\/\/www.salentodolcevita.com\/blog\/wp-content\/uploads\/2019\/01\/logo-rosso-su-bianco.jpg","contentUrl":"https:\/\/www.salentodolcevita.com\/blog\/wp-content\/uploads\/2019\/01\/logo-rosso-su-bianco.jpg","width":171,"height":116,"caption":"SalentoDolceVita"},"image":{"@id":"https:\/\/www.salentodolcevita.com\/blog\/it\/#\/schema\/logo\/image\/"}},{"@type":"Person","@id":"https:\/\/www.salentodolcevita.com\/blog\/it\/#\/schema\/person\/afc29793311aac780f6f1b9f433ab86d","name":"SalentoDolceVita","image":{"@type":"ImageObject","inLanguage":"it-IT","@id":"https:\/\/secure.gravatar.com\/avatar\/16f2d5f1946984b886d3ae797f38cdc22ba33791260f7916bea6e35df7f6c1c4?s=96&d=mm&r=g","url":"https:\/\/secure.gravatar.com\/avatar\/16f2d5f1946984b886d3ae797f38cdc22ba33791260f7916bea6e35df7f6c1c4?s=96&d=mm&r=g","contentUrl":"https:\/\/secure.gravatar.com\/avatar\/16f2d5f1946984b886d3ae797f38cdc22ba33791260f7916bea6e35df7f6c1c4?s=96&d=mm&r=g","caption":"SalentoDolceVita"}}]}},"_links":{"self":[{"href":"https:\/\/www.salentodolcevita.com\/blog\/it\/wp-json\/wp\/v2\/posts\/2470","targetHints":{"allow":["GET"]}}],"collection":[{"href":"https:\/\/www.salentodolcevita.com\/blog\/it\/wp-json\/wp\/v2\/posts"}],"about":[{"href":"https:\/\/www.salentodolcevita.com\/blog\/it\/wp-json\/wp\/v2\/types\/post"}],"author":[{"embeddable":true,"href":"https:\/\/www.salentodolcevita.com\/blog\/it\/wp-json\/wp\/v2\/users\/1"}],"replies":[{"embeddable":true,"href":"https:\/\/www.salentodolcevita.com\/blog\/it\/wp-json\/wp\/v2\/comments?post=2470"}],"version-history":[{"count":5,"href":"https:\/\/www.salentodolcevita.com\/blog\/it\/wp-json\/wp\/v2\/posts\/2470\/revisions"}],"predecessor-version":[{"id":2879,"href":"https:\/\/www.salentodolcevita.com\/blog\/it\/wp-json\/wp\/v2\/posts\/2470\/revisions\/2879"}],"wp:featuredmedia":[{"embeddable":true,"href":"https:\/\/www.salentodolcevita.com\/blog\/it\/wp-json\/wp\/v2\/media\/2472"}],"wp:attachment":[{"href":"https:\/\/www.salentodolcevita.com\/blog\/it\/wp-json\/wp\/v2\/media?parent=2470"}],"wp:term":[{"taxonomy":"category","embeddable":true,"href":"https:\/\/www.salentodolcevita.com\/blog\/it\/wp-json\/wp\/v2\/categories?post=2470"},{"taxonomy":"post_tag","embeddable":true,"href":"https:\/\/www.salentodolcevita.com\/blog\/it\/wp-json\/wp\/v2\/tags?post=2470"}],"curies":[{"name":"wp","href":"https:\/\/api.w.org\/{rel}","templated":true}]}}